{"id":17805,"date":"2025-01-30T08:43:34","date_gmt":"2025-01-30T16:43:34","guid":{"rendered":"https:\/\/gayecho.com\/news\/?p=17805"},"modified":"2025-01-30T08:43:34","modified_gmt":"2025-01-30T16:43:34","slug":"madona-brutalno-isprozivala-trampa-zbog-diskriminacije-trans-osoba","status":"publish","type":"post","link":"https:\/\/gayecho.com\/news\/madona-brutalno-isprozivala-trampa-zbog-diskriminacije-trans-osoba\/","title":{"rendered":"Madona brutalno isprozivala Trampa zbog diskriminacije trans osoba"},"content":{"rendered":"<p><strong>Madona, koja je podr\u017eala Kamalu Haris u predsedni\u010dkoj kampanji, sada je javno kritikovala Donalda Trampa, koji \u017eeli da uvede zabranu da transrodne osobe slu\u017ee u vojsci SAD.<\/strong><\/p>\n<p>&#8220;Tu\u017eno je gledati kako na\u0161a nova vlada polako ru\u0161i svu slobodu za koju smo se borili i koju smo postizali tokom godina&#8221;, napisala je peva\u010dica na mre\u017ei Iks, dodaju\u0107i emoji srca i LGBTK zastavu.<\/p>\n<p>&#8220;Ne odustajte od borbe&#8221;, napisala je ispod objave.<\/p>\n<p>U komentarima ispod njenog posta ubrzo je nastala velika debata izme\u0111u ljudi koji podr\u017eavaju njene stavove i onih koji su na strani Donalda Trampa.<\/p>\n<h2><strong>Tramp smatra da transrodne osobe mogu da ugroze operativnu spremnost<\/strong><\/h2>\n<p>Podse\u0107anja radi, administracija Donalda Trampa je navela da su mentalna i fizi\u010dka spremnost klju\u010dni faktori za vojnu efikasnost i smatraju da bi uklju\u010divanje transrodnih osoba moglo da ugrozi sposobnosti raspore\u0111ivanja i operativnu spremnost.<\/p>\n<p>Odluka ozna\u010dava povratak na ranija pravila koja su isklju\u010divala transrodne osobe iz slu\u017ebe, dok im je prethodna administracija dozvoljavala da slu\u017ee nesmetano.<\/p>\n<h2><strong>Godine 2011. imala je problema zbog govora u Va\u0161ingtonu<\/strong><\/h2>\n<p>Ina\u010de, Madona je 2017. imala problema zbog govora protiv Donalda Trampa.<\/p>\n<p>U govoru sa psovkama u Va\u0161ingtonu, ona je rekla da bi Belu ku\u0107u trebalo di\u0107i u vazduh.<\/p>\n<p>Madonin govor mnogi su kritikovali na dru\u0161tvenim mre\u017eama, a neke televizijske mre\u017ee su \u010dak prestale da emituju u tom trenutku. Navodno, policija je istra\u017eivala i njene tvrdnje.<\/p>\n<p>Me\u0111utim, ubrzo nakon toga se pravdala da je to rekla metafori\u010dki.<\/p>\n<p>&#8220;Nisam nasilna osoba, ne promovi\u0161em nasilje. Va\u017eno je da ljudi \u010duju ceo moj govor, a ne samo jednu frazu izvu\u010denu iz konteksta&#8221;, objavila je Madona na Instagramu. &#8220;Govorila sam metafori\u010dki&#8221;, objasnila je.<\/p>\n<p>Ona je tokom govora u Va\u0161ingtonu rekla i da &#8220;dobro nije pobedilo na ameri\u010dkim izborima, ali \u0107e dobro na kraju pobediti&#8221;.<\/p>\n<p>Uz niz psovki,\u00a0pozivala je\u00a0na jedinstvo i solidarnost.<\/p>\n<p>Izvor: B92<\/p>\n","protected":false},"excerpt":{"rendered":"<p>Madona, koja je podr\u017eala Kamalu Haris u predsedni\u010dkoj kampanji, sada je javno kritikovala Donalda Trampa, koji \u017eeli da uvede zabranu da transrodne osobe slu\u017ee u vojsci SAD. &#8220;Tu\u017eno je gledati [&hellip;]<\/p>\n","protected":false},"author":1,"featured_media":17806,"comment_status":"open","ping_status":"open","sticky":false,"template":"","format":"standard","meta":{"footnotes":"","_links_to":"","_links_to_target":""},"categories":[20],"tags":[39,70,65,33,29,79],"class_list":["post-17805","post","type-post","status-publish","format-standard","has-post-thumbnail","hentry","category-trans","tag-aktivizam","tag-b92-net","tag-muzika","tag-politicki","tag-sad","tag-trans"],"yoast_head":"<!-- This site is optimized with the Yoast SEO plugin v27.4 - https:\/\/yoast.com\/product\/yoast-seo-wordpress\/ -->\n<title>Madona brutalno isprozivala Trampa zbog diskriminacije trans osoba - GayEcho<\/title>\n<meta name=\"robots\" content=\"index, follow, max-snippet:-1, max-image-preview:large, max-video-preview:-1\" \/>\n<link rel=\"canonical\" href=\"https:\/\/gayecho.com\/news\/madona-brutalno-isprozivala-trampa-zbog-diskriminacije-trans-osoba\/\" \/>\n<meta property=\"og:locale\" content=\"en_US\" \/>\n<meta property=\"og:type\" content=\"article\" \/>\n<meta property=\"og:title\" content=\"Madona brutalno isprozivala Trampa zbog diskriminacije trans osoba - GayEcho\" \/>\n<meta property=\"og:description\" content=\"Madona, koja je podr\u017eala Kamalu Haris u predsedni\u010dkoj kampanji, sada je javno kritikovala Donalda Trampa, koji \u017eeli da uvede zabranu da transrodne osobe slu\u017ee u vojsci SAD. &#8220;Tu\u017eno je gledati [&hellip;]\" \/>\n<meta property=\"og:url\" content=\"https:\/\/gayecho.com\/news\/madona-brutalno-isprozivala-trampa-zbog-diskriminacije-trans-osoba\/\" \/>\n<meta property=\"og:site_name\" content=\"GayEcho\" \/>\n<meta property=\"article:publisher\" content=\"https:\/\/www.facebook.com\/gayecho\" \/>\n<meta property=\"article:published_time\" content=\"2025-01-30T16:43:34+00:00\" \/>\n<meta property=\"og:image\" content=\"https:\/\/gayecho.com\/news\/wp-content\/uploads\/2025\/01\/madonna-trump.jpg\" \/>\n\t<meta property=\"og:image:width\" content=\"800\" \/>\n\t<meta property=\"og:image:height\" content=\"440\" \/>\n\t<meta property=\"og:image:type\" content=\"image\/jpeg\" \/>\n<meta name=\"author\" content=\"admin\" \/>\n<meta name=\"twitter:label1\" content=\"Written by\" \/>\n\t<meta name=\"twitter:data1\" content=\"admin\" \/>\n\t<meta name=\"twitter:label2\" content=\"Est. reading time\" \/>\n\t<meta name=\"twitter:data2\" content=\"2 minutes\" \/>\n<script type=\"application\/ld+json\" class=\"yoast-schema-graph\">{\"@context\":\"https:\\\/\\\/schema.org\",\"@graph\":[{\"@type\":\"Article\",\"@id\":\"https:\\\/\\\/gayecho.com\\\/news\\\/madona-brutalno-isprozivala-trampa-zbog-diskriminacije-trans-osoba\\\/#article\",\"isPartOf\":{\"@id\":\"https:\\\/\\\/gayecho.com\\\/news\\\/madona-brutalno-isprozivala-trampa-zbog-diskriminacije-trans-osoba\\\/\"},\"author\":{\"name\":\"admin\",\"@id\":\"https:\\\/\\\/gayecho.com\\\/news\\\/#\\\/schema\\\/person\\\/8242572e33fa715d40519064238b57d2\"},\"headline\":\"Madona brutalno isprozivala Trampa zbog diskriminacije trans osoba\",\"datePublished\":\"2025-01-30T16:43:34+00:00\",\"mainEntityOfPage\":{\"@id\":\"https:\\\/\\\/gayecho.com\\\/news\\\/madona-brutalno-isprozivala-trampa-zbog-diskriminacije-trans-osoba\\\/\"},\"wordCount\":340,\"commentCount\":0,\"publisher\":{\"@id\":\"https:\\\/\\\/gayecho.com\\\/news\\\/#organization\"},\"image\":{\"@id\":\"https:\\\/\\\/gayecho.com\\\/news\\\/madona-brutalno-isprozivala-trampa-zbog-diskriminacije-trans-osoba\\\/#primaryimage\"},\"thumbnailUrl\":\"https:\\\/\\\/gayecho.com\\\/news\\\/wp-content\\\/uploads\\\/2025\\\/01\\\/madonna-trump.jpg\",\"keywords\":[\"aktivizam\",\"b92.net\",\"muzika\",\"politi\u010dki\",\"SAD\",\"trans\"],\"articleSection\":[\"Trans\"],\"inLanguage\":\"en-US\",\"potentialAction\":[{\"@type\":\"CommentAction\",\"name\":\"Comment\",\"target\":[\"https:\\\/\\\/gayecho.com\\\/news\\\/madona-brutalno-isprozivala-trampa-zbog-diskriminacije-trans-osoba\\\/#respond\"]}]},{\"@type\":\"WebPage\",\"@id\":\"https:\\\/\\\/gayecho.com\\\/news\\\/madona-brutalno-isprozivala-trampa-zbog-diskriminacije-trans-osoba\\\/\",\"url\":\"https:\\\/\\\/gayecho.com\\\/news\\\/madona-brutalno-isprozivala-trampa-zbog-diskriminacije-trans-osoba\\\/\",\"name\":\"Madona brutalno isprozivala Trampa zbog diskriminacije trans osoba - GayEcho\",\"isPartOf\":{\"@id\":\"https:\\\/\\\/gayecho.com\\\/news\\\/#website\"},\"primaryImageOfPage\":{\"@id\":\"https:\\\/\\\/gayecho.com\\\/news\\\/madona-brutalno-isprozivala-trampa-zbog-diskriminacije-trans-osoba\\\/#primaryimage\"},\"image\":{\"@id\":\"https:\\\/\\\/gayecho.com\\\/news\\\/madona-brutalno-isprozivala-trampa-zbog-diskriminacije-trans-osoba\\\/#primaryimage\"},\"thumbnailUrl\":\"https:\\\/\\\/gayecho.com\\\/news\\\/wp-content\\\/uploads\\\/2025\\\/01\\\/madonna-trump.jpg\",\"datePublished\":\"2025-01-30T16:43:34+00:00\",\"breadcrumb\":{\"@id\":\"https:\\\/\\\/gayecho.com\\\/news\\\/madona-brutalno-isprozivala-trampa-zbog-diskriminacije-trans-osoba\\\/#breadcrumb\"},\"inLanguage\":\"en-US\",\"potentialAction\":[{\"@type\":\"ReadAction\",\"target\":[\"https:\\\/\\\/gayecho.com\\\/news\\\/madona-brutalno-isprozivala-trampa-zbog-diskriminacije-trans-osoba\\\/\"]}]},{\"@type\":\"ImageObject\",\"inLanguage\":\"en-US\",\"@id\":\"https:\\\/\\\/gayecho.com\\\/news\\\/madona-brutalno-isprozivala-trampa-zbog-diskriminacije-trans-osoba\\\/#primaryimage\",\"url\":\"https:\\\/\\\/gayecho.com\\\/news\\\/wp-content\\\/uploads\\\/2025\\\/01\\\/madonna-trump.jpg\",\"contentUrl\":\"https:\\\/\\\/gayecho.com\\\/news\\\/wp-content\\\/uploads\\\/2025\\\/01\\\/madonna-trump.jpg\",\"width\":800,\"height\":440},{\"@type\":\"BreadcrumbList\",\"@id\":\"https:\\\/\\\/gayecho.com\\\/news\\\/madona-brutalno-isprozivala-trampa-zbog-diskriminacije-trans-osoba\\\/#breadcrumb\",\"itemListElement\":[{\"@type\":\"ListItem\",\"position\":1,\"name\":\"Home\",\"item\":\"https:\\\/\\\/gayecho.com\\\/news\\\/\"},{\"@type\":\"ListItem\",\"position\":2,\"name\":\"Madona brutalno isprozivala Trampa zbog diskriminacije trans osoba\"}]},{\"@type\":\"WebSite\",\"@id\":\"https:\\\/\\\/gayecho.com\\\/news\\\/#website\",\"url\":\"https:\\\/\\\/gayecho.com\\\/news\\\/\",\"name\":\"GayEcho\",\"description\":\"Javni servis gej Srbije [LGBT Srbija]\",\"publisher\":{\"@id\":\"https:\\\/\\\/gayecho.com\\\/news\\\/#organization\"},\"potentialAction\":[{\"@type\":\"SearchAction\",\"target\":{\"@type\":\"EntryPoint\",\"urlTemplate\":\"https:\\\/\\\/gayecho.com\\\/news\\\/?s={search_term_string}\"},\"query-input\":{\"@type\":\"PropertyValueSpecification\",\"valueRequired\":true,\"valueName\":\"search_term_string\"}}],\"inLanguage\":\"en-US\"},{\"@type\":\"Organization\",\"@id\":\"https:\\\/\\\/gayecho.com\\\/news\\\/#organization\",\"name\":\"GayEcho\",\"url\":\"https:\\\/\\\/gayecho.com\\\/news\\\/\",\"logo\":{\"@type\":\"ImageObject\",\"inLanguage\":\"en-US\",\"@id\":\"https:\\\/\\\/gayecho.com\\\/news\\\/#\\\/schema\\\/logo\\\/image\\\/\",\"url\":\"https:\\\/\\\/gayecho.com\\\/news\\\/wp-content\\\/uploads\\\/2017\\\/03\\\/gayecho-logo.jpg\",\"contentUrl\":\"https:\\\/\\\/gayecho.com\\\/news\\\/wp-content\\\/uploads\\\/2017\\\/03\\\/gayecho-logo.jpg\",\"width\":225,\"height\":60,\"caption\":\"GayEcho\"},\"image\":{\"@id\":\"https:\\\/\\\/gayecho.com\\\/news\\\/#\\\/schema\\\/logo\\\/image\\\/\"},\"sameAs\":[\"https:\\\/\\\/www.facebook.com\\\/gayecho\",\"https:\\\/\\\/x.com\\\/gayecho\",\"https:\\\/\\\/www.instagram.com\\\/ispustujme\"]},{\"@type\":\"Person\",\"@id\":\"https:\\\/\\\/gayecho.com\\\/news\\\/#\\\/schema\\\/person\\\/8242572e33fa715d40519064238b57d2\",\"name\":\"admin\",\"image\":{\"@type\":\"ImageObject\",\"inLanguage\":\"en-US\",\"@id\":\"https:\\\/\\\/secure.gravatar.com\\\/avatar\\\/b6c14e834ac333d79570a019cabf62da50c52d1473773bc0513edc256790dfe9?s=96&d=mm&r=g\",\"url\":\"https:\\\/\\\/secure.gravatar.com\\\/avatar\\\/b6c14e834ac333d79570a019cabf62da50c52d1473773bc0513edc256790dfe9?s=96&d=mm&r=g\",\"contentUrl\":\"https:\\\/\\\/secure.gravatar.com\\\/avatar\\\/b6c14e834ac333d79570a019cabf62da50c52d1473773bc0513edc256790dfe9?s=96&d=mm&r=g\",\"caption\":\"admin\"},\"url\":\"https:\\\/\\\/gayecho.com\\\/news\\\/author\\\/admin\\\/\"}]}<\/script>\n<!-- \/ Yoast SEO plugin. -->","yoast_head_json":{"title":"Madona brutalno isprozivala Trampa zbog diskriminacije trans osoba - GayEcho","robots":{"index":"index","follow":"follow","max-snippet":"max-snippet:-1","max-image-preview":"max-image-preview:large","max-video-preview":"max-video-preview:-1"},"canonical":"https:\/\/gayecho.com\/news\/madona-brutalno-isprozivala-trampa-zbog-diskriminacije-trans-osoba\/","og_locale":"en_US","og_type":"article","og_title":"Madona brutalno isprozivala Trampa zbog diskriminacije trans osoba - GayEcho","og_description":"Madona, koja je podr\u017eala Kamalu Haris u predsedni\u010dkoj kampanji, sada je javno kritikovala Donalda Trampa, koji \u017eeli da uvede zabranu da transrodne osobe slu\u017ee u vojsci SAD. &#8220;Tu\u017eno je gledati [&hellip;]","og_url":"https:\/\/gayecho.com\/news\/madona-brutalno-isprozivala-trampa-zbog-diskriminacije-trans-osoba\/","og_site_name":"GayEcho","article_publisher":"https:\/\/www.facebook.com\/gayecho","article_published_time":"2025-01-30T16:43:34+00:00","og_image":[{"width":800,"height":440,"url":"https:\/\/gayecho.com\/news\/wp-content\/uploads\/2025\/01\/madonna-trump.jpg","type":"image\/jpeg"}],"author":"admin","twitter_misc":{"Written by":"admin","Est. reading time":"2 minutes"},"schema":{"@context":"https:\/\/schema.org","@graph":[{"@type":"Article","@id":"https:\/\/gayecho.com\/news\/madona-brutalno-isprozivala-trampa-zbog-diskriminacije-trans-osoba\/#article","isPartOf":{"@id":"https:\/\/gayecho.com\/news\/madona-brutalno-isprozivala-trampa-zbog-diskriminacije-trans-osoba\/"},"author":{"name":"admin","@id":"https:\/\/gayecho.com\/news\/#\/schema\/person\/8242572e33fa715d40519064238b57d2"},"headline":"Madona brutalno isprozivala Trampa zbog diskriminacije trans osoba","datePublished":"2025-01-30T16:43:34+00:00","mainEntityOfPage":{"@id":"https:\/\/gayecho.com\/news\/madona-brutalno-isprozivala-trampa-zbog-diskriminacije-trans-osoba\/"},"wordCount":340,"commentCount":0,"publisher":{"@id":"https:\/\/gayecho.com\/news\/#organization"},"image":{"@id":"https:\/\/gayecho.com\/news\/madona-brutalno-isprozivala-trampa-zbog-diskriminacije-trans-osoba\/#primaryimage"},"thumbnailUrl":"https:\/\/gayecho.com\/news\/wp-content\/uploads\/2025\/01\/madonna-trump.jpg","keywords":["aktivizam","b92.net","muzika","politi\u010dki","SAD","trans"],"articleSection":["Trans"],"inLanguage":"en-US","potentialAction":[{"@type":"CommentAction","name":"Comment","target":["https:\/\/gayecho.com\/news\/madona-brutalno-isprozivala-trampa-zbog-diskriminacije-trans-osoba\/#respond"]}]},{"@type":"WebPage","@id":"https:\/\/gayecho.com\/news\/madona-brutalno-isprozivala-trampa-zbog-diskriminacije-trans-osoba\/","url":"https:\/\/gayecho.com\/news\/madona-brutalno-isprozivala-trampa-zbog-diskriminacije-trans-osoba\/","name":"Madona brutalno isprozivala Trampa zbog diskriminacije trans osoba - GayEcho","isPartOf":{"@id":"https:\/\/gayecho.com\/news\/#website"},"primaryImageOfPage":{"@id":"https:\/\/gayecho.com\/news\/madona-brutalno-isprozivala-trampa-zbog-diskriminacije-trans-osoba\/#primaryimage"},"image":{"@id":"https:\/\/gayecho.com\/news\/madona-brutalno-isprozivala-trampa-zbog-diskriminacije-trans-osoba\/#primaryimage"},"thumbnailUrl":"https:\/\/gayecho.com\/news\/wp-content\/uploads\/2025\/01\/madonna-trump.jpg","datePublished":"2025-01-30T16:43:34+00:00","breadcrumb":{"@id":"https:\/\/gayecho.com\/news\/madona-brutalno-isprozivala-trampa-zbog-diskriminacije-trans-osoba\/#breadcrumb"},"inLanguage":"en-US","potentialAction":[{"@type":"ReadAction","target":["https:\/\/gayecho.com\/news\/madona-brutalno-isprozivala-trampa-zbog-diskriminacije-trans-osoba\/"]}]},{"@type":"ImageObject","inLanguage":"en-US","@id":"https:\/\/gayecho.com\/news\/madona-brutalno-isprozivala-trampa-zbog-diskriminacije-trans-osoba\/#primaryimage","url":"https:\/\/gayecho.com\/news\/wp-content\/uploads\/2025\/01\/madonna-trump.jpg","contentUrl":"https:\/\/gayecho.com\/news\/wp-content\/uploads\/2025\/01\/madonna-trump.jpg","width":800,"height":440},{"@type":"BreadcrumbList","@id":"https:\/\/gayecho.com\/news\/madona-brutalno-isprozivala-trampa-zbog-diskriminacije-trans-osoba\/#breadcrumb","itemListElement":[{"@type":"ListItem","position":1,"name":"Home","item":"https:\/\/gayecho.com\/news\/"},{"@type":"ListItem","position":2,"name":"Madona brutalno isprozivala Trampa zbog diskriminacije trans osoba"}]},{"@type":"WebSite","@id":"https:\/\/gayecho.com\/news\/#website","url":"https:\/\/gayecho.com\/news\/","name":"GayEcho","description":"Javni servis gej Srbije [LGBT Srbija]","publisher":{"@id":"https:\/\/gayecho.com\/news\/#organization"},"potentialAction":[{"@type":"SearchAction","target":{"@type":"EntryPoint","urlTemplate":"https:\/\/gayecho.com\/news\/?s={search_term_string}"},"query-input":{"@type":"PropertyValueSpecification","valueRequired":true,"valueName":"search_term_string"}}],"inLanguage":"en-US"},{"@type":"Organization","@id":"https:\/\/gayecho.com\/news\/#organization","name":"GayEcho","url":"https:\/\/gayecho.com\/news\/","logo":{"@type":"ImageObject","inLanguage":"en-US","@id":"https:\/\/gayecho.com\/news\/#\/schema\/logo\/image\/","url":"https:\/\/gayecho.com\/news\/wp-content\/uploads\/2017\/03\/gayecho-logo.jpg","contentUrl":"https:\/\/gayecho.com\/news\/wp-content\/uploads\/2017\/03\/gayecho-logo.jpg","width":225,"height":60,"caption":"GayEcho"},"image":{"@id":"https:\/\/gayecho.com\/news\/#\/schema\/logo\/image\/"},"sameAs":["https:\/\/www.facebook.com\/gayecho","https:\/\/x.com\/gayecho","https:\/\/www.instagram.com\/ispustujme"]},{"@type":"Person","@id":"https:\/\/gayecho.com\/news\/#\/schema\/person\/8242572e33fa715d40519064238b57d2","name":"admin","image":{"@type":"ImageObject","inLanguage":"en-US","@id":"https:\/\/secure.gravatar.com\/avatar\/b6c14e834ac333d79570a019cabf62da50c52d1473773bc0513edc256790dfe9?s=96&d=mm&r=g","url":"https:\/\/secure.gravatar.com\/avatar\/b6c14e834ac333d79570a019cabf62da50c52d1473773bc0513edc256790dfe9?s=96&d=mm&r=g","contentUrl":"https:\/\/secure.gravatar.com\/avatar\/b6c14e834ac333d79570a019cabf62da50c52d1473773bc0513edc256790dfe9?s=96&d=mm&r=g","caption":"admin"},"url":"https:\/\/gayecho.com\/news\/author\/admin\/"}]}},"_links":{"self":[{"href":"https:\/\/gayecho.com\/news\/wp-json\/wp\/v2\/posts\/17805","targetHints":{"allow":["GET"]}}],"collection":[{"href":"https:\/\/gayecho.com\/news\/wp-json\/wp\/v2\/posts"}],"about":[{"href":"https:\/\/gayecho.com\/news\/wp-json\/wp\/v2\/types\/post"}],"author":[{"embeddable":true,"href":"https:\/\/gayecho.com\/news\/wp-json\/wp\/v2\/users\/1"}],"replies":[{"embeddable":true,"href":"https:\/\/gayecho.com\/news\/wp-json\/wp\/v2\/comments?post=17805"}],"version-history":[{"count":1,"href":"https:\/\/gayecho.com\/news\/wp-json\/wp\/v2\/posts\/17805\/revisions"}],"predecessor-version":[{"id":17807,"href":"https:\/\/gayecho.com\/news\/wp-json\/wp\/v2\/posts\/17805\/revisions\/17807"}],"wp:featuredmedia":[{"embeddable":true,"href":"https:\/\/gayecho.com\/news\/wp-json\/wp\/v2\/media\/17806"}],"wp:attachment":[{"href":"https:\/\/gayecho.com\/news\/wp-json\/wp\/v2\/media?parent=17805"}],"wp:term":[{"taxonomy":"category","embeddable":true,"href":"https:\/\/gayecho.com\/news\/wp-json\/wp\/v2\/categories?post=17805"},{"taxonomy":"post_tag","embeddable":true,"href":"https:\/\/gayecho.com\/news\/wp-json\/wp\/v2\/tags?post=17805"}],"curies":[{"name":"wp","href":"https:\/\/api.w.org\/{rel}","templated":true}]}}