{"id":17797,"date":"2025-01-26T05:55:36","date_gmt":"2025-01-26T13:55:36","guid":{"rendered":"https:\/\/gayecho.com\/news\/?p=17797"},"modified":"2025-01-26T05:55:36","modified_gmt":"2025-01-26T13:55:36","slug":"ona-je-prva-transrodna-glumica-nominovana-za-oskara","status":"publish","type":"post","link":"https:\/\/gayecho.com\/news\/ona-je-prva-transrodna-glumica-nominovana-za-oskara\/","title":{"rendered":"Ona je prva transrodna glumica nominovana za Oskara"},"content":{"rendered":"<p><strong>Karla Sofia Gaskon postala je prva transrodna glumica koja je nominovana za Oskara.<\/strong><\/p>\n<p>\u0160panska zvezda je prepoznata po glavnoj ulozi u filmu \u017daka Odijara &#8220;Emilija Perez&#8221;.<\/p>\n<p>Netfliksov film prati Emiliju, narko-bosa koja tra\u017ei pomo\u0107 advokata Rite da la\u017eira njenu smrt i podvrgne se operaciji promene pola.<\/p>\n<p>Ovom nominacijom, Gaskon\u00a0je postala prva transrodna glumica nominovana za Oskara, a prethodno je bila i prva transrodna \u017eena koja je osvojila nagradu za najbolju glumicu na Kanskom filmskom festivalu i prva transrodna glumica nominovana za Zlatni globus.<\/p>\n<p>Film je imao svetsku premijeru 18. maja 2024. na 77. Kanskom festivalu, gde je osvojio nagradu \u017eirija i nagradu za najbolju glumicu za svoj \u017eenski ansambl. U Evropi je dobio pohvale za svoje glavne performanse, teme, ambiciju, kao i Audiardovu re\u017eiju i Kamilovu partituru. Nasuprot tome, bio je lo\u0161e prihva\u0107en u Meksiku (gde je radnja filma), zbog stereotipa, \u0161panskih dijaloga i tekstova.<\/p>\n<p>Danas su objavljene nominacije za Oskara, a film &#8220;Emilija Perez&#8221; dobio je najvi\u0161e nominacija, u 11 kategorija, uklju\u010duju\u0107i najbolji film, najbolju re\u017eiju (\u017dak Odiard), najbolju sporednu \u017eensku ulogu (Zoe Saldana) i najbolji adaptirani scenario i najbolji me\u0111unarodni igrani film.<\/p>\n<p>Konan O&#8217;Brajen bi trebalo da bude doma\u0107in ceremonije dodele Oskara, koja \u0107e se emitovati u\u017eivo iz Dolbi teatra u Ovation Holivudu u nedelju, 2. marta, u 19 \u010dasova po isto\u010dnom vremenu na kanalima ABC i Hulu.<\/p>\n<p>Izvor: B92<\/p>\n","protected":false},"excerpt":{"rendered":"<p>Karla Sofia Gaskon postala je prva transrodna glumica koja je nominovana za Oskara. \u0160panska zvezda je prepoznata po glavnoj ulozi u filmu \u017daka Odijara &#8220;Emilija Perez&#8221;. Netfliksov film prati Emiliju, [&hellip;]<\/p>\n","protected":false},"author":1,"featured_media":17798,"comment_status":"open","ping_status":"open","sticky":false,"template":"","format":"standard","meta":{"footnotes":"","_links_to":"","_links_to_target":""},"categories":[13,20,12],"tags":[70,93,29,79],"class_list":["post-17797","post","type-post","status-publish","format-standard","has-post-thumbnail","hentry","category-film","category-trans","category-umetnost","tag-b92-net","tag-film","tag-sad","tag-trans"],"yoast_head":"<!-- This site is optimized with the Yoast SEO plugin v27.4 - https:\/\/yoast.com\/product\/yoast-seo-wordpress\/ -->\n<title>Ona je prva transrodna glumica nominovana za Oskara - GayEcho<\/title>\n<meta name=\"robots\" content=\"index, follow, max-snippet:-1, max-image-preview:large, max-video-preview:-1\" \/>\n<link rel=\"canonical\" href=\"https:\/\/gayecho.com\/news\/ona-je-prva-transrodna-glumica-nominovana-za-oskara\/\" \/>\n<meta property=\"og:locale\" content=\"en_US\" \/>\n<meta property=\"og:type\" content=\"article\" \/>\n<meta property=\"og:title\" content=\"Ona je prva transrodna glumica nominovana za Oskara - GayEcho\" \/>\n<meta property=\"og:description\" content=\"Karla Sofia Gaskon postala je prva transrodna glumica koja je nominovana za Oskara. \u0160panska zvezda je prepoznata po glavnoj ulozi u filmu \u017daka Odijara &#8220;Emilija Perez&#8221;. Netfliksov film prati Emiliju, [&hellip;]\" \/>\n<meta property=\"og:url\" content=\"https:\/\/gayecho.com\/news\/ona-je-prva-transrodna-glumica-nominovana-za-oskara\/\" \/>\n<meta property=\"og:site_name\" content=\"GayEcho\" \/>\n<meta property=\"article:publisher\" content=\"https:\/\/www.facebook.com\/gayecho\" \/>\n<meta property=\"article:published_time\" content=\"2025-01-26T13:55:36+00:00\" \/>\n<meta property=\"og:image\" content=\"https:\/\/gayecho.com\/news\/wp-content\/uploads\/2025\/01\/emilia-perez.jpg\" \/>\n\t<meta property=\"og:image:width\" content=\"800\" \/>\n\t<meta property=\"og:image:height\" content=\"440\" \/>\n\t<meta property=\"og:image:type\" content=\"image\/jpeg\" \/>\n<meta name=\"author\" content=\"admin\" \/>\n<meta name=\"twitter:label1\" content=\"Written by\" \/>\n\t<meta name=\"twitter:data1\" content=\"admin\" \/>\n\t<meta name=\"twitter:label2\" content=\"Est. reading time\" \/>\n\t<meta name=\"twitter:data2\" content=\"1 minute\" \/>\n<script type=\"application\/ld+json\" class=\"yoast-schema-graph\">{\"@context\":\"https:\\\/\\\/schema.org\",\"@graph\":[{\"@type\":\"Article\",\"@id\":\"https:\\\/\\\/gayecho.com\\\/news\\\/ona-je-prva-transrodna-glumica-nominovana-za-oskara\\\/#article\",\"isPartOf\":{\"@id\":\"https:\\\/\\\/gayecho.com\\\/news\\\/ona-je-prva-transrodna-glumica-nominovana-za-oskara\\\/\"},\"author\":{\"name\":\"admin\",\"@id\":\"https:\\\/\\\/gayecho.com\\\/news\\\/#\\\/schema\\\/person\\\/8242572e33fa715d40519064238b57d2\"},\"headline\":\"Ona je prva transrodna glumica nominovana za Oskara\",\"datePublished\":\"2025-01-26T13:55:36+00:00\",\"mainEntityOfPage\":{\"@id\":\"https:\\\/\\\/gayecho.com\\\/news\\\/ona-je-prva-transrodna-glumica-nominovana-za-oskara\\\/\"},\"wordCount\":239,\"commentCount\":0,\"publisher\":{\"@id\":\"https:\\\/\\\/gayecho.com\\\/news\\\/#organization\"},\"image\":{\"@id\":\"https:\\\/\\\/gayecho.com\\\/news\\\/ona-je-prva-transrodna-glumica-nominovana-za-oskara\\\/#primaryimage\"},\"thumbnailUrl\":\"https:\\\/\\\/gayecho.com\\\/news\\\/wp-content\\\/uploads\\\/2025\\\/01\\\/emilia-perez.jpg\",\"keywords\":[\"b92.net\",\"film\",\"SAD\",\"trans\"],\"articleSection\":[\"Film i televizija\",\"Trans\",\"Umetnost\"],\"inLanguage\":\"en-US\",\"potentialAction\":[{\"@type\":\"CommentAction\",\"name\":\"Comment\",\"target\":[\"https:\\\/\\\/gayecho.com\\\/news\\\/ona-je-prva-transrodna-glumica-nominovana-za-oskara\\\/#respond\"]}]},{\"@type\":\"WebPage\",\"@id\":\"https:\\\/\\\/gayecho.com\\\/news\\\/ona-je-prva-transrodna-glumica-nominovana-za-oskara\\\/\",\"url\":\"https:\\\/\\\/gayecho.com\\\/news\\\/ona-je-prva-transrodna-glumica-nominovana-za-oskara\\\/\",\"name\":\"Ona je prva transrodna glumica nominovana za Oskara - GayEcho\",\"isPartOf\":{\"@id\":\"https:\\\/\\\/gayecho.com\\\/news\\\/#website\"},\"primaryImageOfPage\":{\"@id\":\"https:\\\/\\\/gayecho.com\\\/news\\\/ona-je-prva-transrodna-glumica-nominovana-za-oskara\\\/#primaryimage\"},\"image\":{\"@id\":\"https:\\\/\\\/gayecho.com\\\/news\\\/ona-je-prva-transrodna-glumica-nominovana-za-oskara\\\/#primaryimage\"},\"thumbnailUrl\":\"https:\\\/\\\/gayecho.com\\\/news\\\/wp-content\\\/uploads\\\/2025\\\/01\\\/emilia-perez.jpg\",\"datePublished\":\"2025-01-26T13:55:36+00:00\",\"breadcrumb\":{\"@id\":\"https:\\\/\\\/gayecho.com\\\/news\\\/ona-je-prva-transrodna-glumica-nominovana-za-oskara\\\/#breadcrumb\"},\"inLanguage\":\"en-US\",\"potentialAction\":[{\"@type\":\"ReadAction\",\"target\":[\"https:\\\/\\\/gayecho.com\\\/news\\\/ona-je-prva-transrodna-glumica-nominovana-za-oskara\\\/\"]}]},{\"@type\":\"ImageObject\",\"inLanguage\":\"en-US\",\"@id\":\"https:\\\/\\\/gayecho.com\\\/news\\\/ona-je-prva-transrodna-glumica-nominovana-za-oskara\\\/#primaryimage\",\"url\":\"https:\\\/\\\/gayecho.com\\\/news\\\/wp-content\\\/uploads\\\/2025\\\/01\\\/emilia-perez.jpg\",\"contentUrl\":\"https:\\\/\\\/gayecho.com\\\/news\\\/wp-content\\\/uploads\\\/2025\\\/01\\\/emilia-perez.jpg\",\"width\":800,\"height\":440},{\"@type\":\"BreadcrumbList\",\"@id\":\"https:\\\/\\\/gayecho.com\\\/news\\\/ona-je-prva-transrodna-glumica-nominovana-za-oskara\\\/#breadcrumb\",\"itemListElement\":[{\"@type\":\"ListItem\",\"position\":1,\"name\":\"Home\",\"item\":\"https:\\\/\\\/gayecho.com\\\/news\\\/\"},{\"@type\":\"ListItem\",\"position\":2,\"name\":\"Ona je prva transrodna glumica nominovana za Oskara\"}]},{\"@type\":\"WebSite\",\"@id\":\"https:\\\/\\\/gayecho.com\\\/news\\\/#website\",\"url\":\"https:\\\/\\\/gayecho.com\\\/news\\\/\",\"name\":\"GayEcho\",\"description\":\"Javni servis gej Srbije [LGBT Srbija]\",\"publisher\":{\"@id\":\"https:\\\/\\\/gayecho.com\\\/news\\\/#organization\"},\"potentialAction\":[{\"@type\":\"SearchAction\",\"target\":{\"@type\":\"EntryPoint\",\"urlTemplate\":\"https:\\\/\\\/gayecho.com\\\/news\\\/?s={search_term_string}\"},\"query-input\":{\"@type\":\"PropertyValueSpecification\",\"valueRequired\":true,\"valueName\":\"search_term_string\"}}],\"inLanguage\":\"en-US\"},{\"@type\":\"Organization\",\"@id\":\"https:\\\/\\\/gayecho.com\\\/news\\\/#organization\",\"name\":\"GayEcho\",\"url\":\"https:\\\/\\\/gayecho.com\\\/news\\\/\",\"logo\":{\"@type\":\"ImageObject\",\"inLanguage\":\"en-US\",\"@id\":\"https:\\\/\\\/gayecho.com\\\/news\\\/#\\\/schema\\\/logo\\\/image\\\/\",\"url\":\"https:\\\/\\\/gayecho.com\\\/news\\\/wp-content\\\/uploads\\\/2017\\\/03\\\/gayecho-logo.jpg\",\"contentUrl\":\"https:\\\/\\\/gayecho.com\\\/news\\\/wp-content\\\/uploads\\\/2017\\\/03\\\/gayecho-logo.jpg\",\"width\":225,\"height\":60,\"caption\":\"GayEcho\"},\"image\":{\"@id\":\"https:\\\/\\\/gayecho.com\\\/news\\\/#\\\/schema\\\/logo\\\/image\\\/\"},\"sameAs\":[\"https:\\\/\\\/www.facebook.com\\\/gayecho\",\"https:\\\/\\\/x.com\\\/gayecho\",\"https:\\\/\\\/www.instagram.com\\\/ispustujme\"]},{\"@type\":\"Person\",\"@id\":\"https:\\\/\\\/gayecho.com\\\/news\\\/#\\\/schema\\\/person\\\/8242572e33fa715d40519064238b57d2\",\"name\":\"admin\",\"image\":{\"@type\":\"ImageObject\",\"inLanguage\":\"en-US\",\"@id\":\"https:\\\/\\\/secure.gravatar.com\\\/avatar\\\/b6c14e834ac333d79570a019cabf62da50c52d1473773bc0513edc256790dfe9?s=96&d=mm&r=g\",\"url\":\"https:\\\/\\\/secure.gravatar.com\\\/avatar\\\/b6c14e834ac333d79570a019cabf62da50c52d1473773bc0513edc256790dfe9?s=96&d=mm&r=g\",\"contentUrl\":\"https:\\\/\\\/secure.gravatar.com\\\/avatar\\\/b6c14e834ac333d79570a019cabf62da50c52d1473773bc0513edc256790dfe9?s=96&d=mm&r=g\",\"caption\":\"admin\"},\"url\":\"https:\\\/\\\/gayecho.com\\\/news\\\/author\\\/admin\\\/\"}]}<\/script>\n<!-- \/ Yoast SEO plugin. -->","yoast_head_json":{"title":"Ona je prva transrodna glumica nominovana za Oskara - GayEcho","robots":{"index":"index","follow":"follow","max-snippet":"max-snippet:-1","max-image-preview":"max-image-preview:large","max-video-preview":"max-video-preview:-1"},"canonical":"https:\/\/gayecho.com\/news\/ona-je-prva-transrodna-glumica-nominovana-za-oskara\/","og_locale":"en_US","og_type":"article","og_title":"Ona je prva transrodna glumica nominovana za Oskara - GayEcho","og_description":"Karla Sofia Gaskon postala je prva transrodna glumica koja je nominovana za Oskara. \u0160panska zvezda je prepoznata po glavnoj ulozi u filmu \u017daka Odijara &#8220;Emilija Perez&#8221;. Netfliksov film prati Emiliju, [&hellip;]","og_url":"https:\/\/gayecho.com\/news\/ona-je-prva-transrodna-glumica-nominovana-za-oskara\/","og_site_name":"GayEcho","article_publisher":"https:\/\/www.facebook.com\/gayecho","article_published_time":"2025-01-26T13:55:36+00:00","og_image":[{"width":800,"height":440,"url":"https:\/\/gayecho.com\/news\/wp-content\/uploads\/2025\/01\/emilia-perez.jpg","type":"image\/jpeg"}],"author":"admin","twitter_misc":{"Written by":"admin","Est. reading time":"1 minute"},"schema":{"@context":"https:\/\/schema.org","@graph":[{"@type":"Article","@id":"https:\/\/gayecho.com\/news\/ona-je-prva-transrodna-glumica-nominovana-za-oskara\/#article","isPartOf":{"@id":"https:\/\/gayecho.com\/news\/ona-je-prva-transrodna-glumica-nominovana-za-oskara\/"},"author":{"name":"admin","@id":"https:\/\/gayecho.com\/news\/#\/schema\/person\/8242572e33fa715d40519064238b57d2"},"headline":"Ona je prva transrodna glumica nominovana za Oskara","datePublished":"2025-01-26T13:55:36+00:00","mainEntityOfPage":{"@id":"https:\/\/gayecho.com\/news\/ona-je-prva-transrodna-glumica-nominovana-za-oskara\/"},"wordCount":239,"commentCount":0,"publisher":{"@id":"https:\/\/gayecho.com\/news\/#organization"},"image":{"@id":"https:\/\/gayecho.com\/news\/ona-je-prva-transrodna-glumica-nominovana-za-oskara\/#primaryimage"},"thumbnailUrl":"https:\/\/gayecho.com\/news\/wp-content\/uploads\/2025\/01\/emilia-perez.jpg","keywords":["b92.net","film","SAD","trans"],"articleSection":["Film i televizija","Trans","Umetnost"],"inLanguage":"en-US","potentialAction":[{"@type":"CommentAction","name":"Comment","target":["https:\/\/gayecho.com\/news\/ona-je-prva-transrodna-glumica-nominovana-za-oskara\/#respond"]}]},{"@type":"WebPage","@id":"https:\/\/gayecho.com\/news\/ona-je-prva-transrodna-glumica-nominovana-za-oskara\/","url":"https:\/\/gayecho.com\/news\/ona-je-prva-transrodna-glumica-nominovana-za-oskara\/","name":"Ona je prva transrodna glumica nominovana za Oskara - GayEcho","isPartOf":{"@id":"https:\/\/gayecho.com\/news\/#website"},"primaryImageOfPage":{"@id":"https:\/\/gayecho.com\/news\/ona-je-prva-transrodna-glumica-nominovana-za-oskara\/#primaryimage"},"image":{"@id":"https:\/\/gayecho.com\/news\/ona-je-prva-transrodna-glumica-nominovana-za-oskara\/#primaryimage"},"thumbnailUrl":"https:\/\/gayecho.com\/news\/wp-content\/uploads\/2025\/01\/emilia-perez.jpg","datePublished":"2025-01-26T13:55:36+00:00","breadcrumb":{"@id":"https:\/\/gayecho.com\/news\/ona-je-prva-transrodna-glumica-nominovana-za-oskara\/#breadcrumb"},"inLanguage":"en-US","potentialAction":[{"@type":"ReadAction","target":["https:\/\/gayecho.com\/news\/ona-je-prva-transrodna-glumica-nominovana-za-oskara\/"]}]},{"@type":"ImageObject","inLanguage":"en-US","@id":"https:\/\/gayecho.com\/news\/ona-je-prva-transrodna-glumica-nominovana-za-oskara\/#primaryimage","url":"https:\/\/gayecho.com\/news\/wp-content\/uploads\/2025\/01\/emilia-perez.jpg","contentUrl":"https:\/\/gayecho.com\/news\/wp-content\/uploads\/2025\/01\/emilia-perez.jpg","width":800,"height":440},{"@type":"BreadcrumbList","@id":"https:\/\/gayecho.com\/news\/ona-je-prva-transrodna-glumica-nominovana-za-oskara\/#breadcrumb","itemListElement":[{"@type":"ListItem","position":1,"name":"Home","item":"https:\/\/gayecho.com\/news\/"},{"@type":"ListItem","position":2,"name":"Ona je prva transrodna glumica nominovana za Oskara"}]},{"@type":"WebSite","@id":"https:\/\/gayecho.com\/news\/#website","url":"https:\/\/gayecho.com\/news\/","name":"GayEcho","description":"Javni servis gej Srbije [LGBT Srbija]","publisher":{"@id":"https:\/\/gayecho.com\/news\/#organization"},"potentialAction":[{"@type":"SearchAction","target":{"@type":"EntryPoint","urlTemplate":"https:\/\/gayecho.com\/news\/?s={search_term_string}"},"query-input":{"@type":"PropertyValueSpecification","valueRequired":true,"valueName":"search_term_string"}}],"inLanguage":"en-US"},{"@type":"Organization","@id":"https:\/\/gayecho.com\/news\/#organization","name":"GayEcho","url":"https:\/\/gayecho.com\/news\/","logo":{"@type":"ImageObject","inLanguage":"en-US","@id":"https:\/\/gayecho.com\/news\/#\/schema\/logo\/image\/","url":"https:\/\/gayecho.com\/news\/wp-content\/uploads\/2017\/03\/gayecho-logo.jpg","contentUrl":"https:\/\/gayecho.com\/news\/wp-content\/uploads\/2017\/03\/gayecho-logo.jpg","width":225,"height":60,"caption":"GayEcho"},"image":{"@id":"https:\/\/gayecho.com\/news\/#\/schema\/logo\/image\/"},"sameAs":["https:\/\/www.facebook.com\/gayecho","https:\/\/x.com\/gayecho","https:\/\/www.instagram.com\/ispustujme"]},{"@type":"Person","@id":"https:\/\/gayecho.com\/news\/#\/schema\/person\/8242572e33fa715d40519064238b57d2","name":"admin","image":{"@type":"ImageObject","inLanguage":"en-US","@id":"https:\/\/secure.gravatar.com\/avatar\/b6c14e834ac333d79570a019cabf62da50c52d1473773bc0513edc256790dfe9?s=96&d=mm&r=g","url":"https:\/\/secure.gravatar.com\/avatar\/b6c14e834ac333d79570a019cabf62da50c52d1473773bc0513edc256790dfe9?s=96&d=mm&r=g","contentUrl":"https:\/\/secure.gravatar.com\/avatar\/b6c14e834ac333d79570a019cabf62da50c52d1473773bc0513edc256790dfe9?s=96&d=mm&r=g","caption":"admin"},"url":"https:\/\/gayecho.com\/news\/author\/admin\/"}]}},"_links":{"self":[{"href":"https:\/\/gayecho.com\/news\/wp-json\/wp\/v2\/posts\/17797","targetHints":{"allow":["GET"]}}],"collection":[{"href":"https:\/\/gayecho.com\/news\/wp-json\/wp\/v2\/posts"}],"about":[{"href":"https:\/\/gayecho.com\/news\/wp-json\/wp\/v2\/types\/post"}],"author":[{"embeddable":true,"href":"https:\/\/gayecho.com\/news\/wp-json\/wp\/v2\/users\/1"}],"replies":[{"embeddable":true,"href":"https:\/\/gayecho.com\/news\/wp-json\/wp\/v2\/comments?post=17797"}],"version-history":[{"count":1,"href":"https:\/\/gayecho.com\/news\/wp-json\/wp\/v2\/posts\/17797\/revisions"}],"predecessor-version":[{"id":17799,"href":"https:\/\/gayecho.com\/news\/wp-json\/wp\/v2\/posts\/17797\/revisions\/17799"}],"wp:featuredmedia":[{"embeddable":true,"href":"https:\/\/gayecho.com\/news\/wp-json\/wp\/v2\/media\/17798"}],"wp:attachment":[{"href":"https:\/\/gayecho.com\/news\/wp-json\/wp\/v2\/media?parent=17797"}],"wp:term":[{"taxonomy":"category","embeddable":true,"href":"https:\/\/gayecho.com\/news\/wp-json\/wp\/v2\/categories?post=17797"},{"taxonomy":"post_tag","embeddable":true,"href":"https:\/\/gayecho.com\/news\/wp-json\/wp\/v2\/tags?post=17797"}],"curies":[{"name":"wp","href":"https:\/\/api.w.org\/{rel}","templated":true}]}}