{"id":17623,"date":"2024-11-07T05:04:07","date_gmt":"2024-11-07T13:04:07","guid":{"rendered":"https:\/\/gayecho.com\/news\/?p=17623"},"modified":"2024-11-07T05:04:07","modified_gmt":"2024-11-07T13:04:07","slug":"prve-reakcije-na-gej-film-danijela-krejga-ovo-je-poezija","status":"publish","type":"post","link":"https:\/\/gayecho.com\/news\/prve-reakcije-na-gej-film-danijela-krejga-ovo-je-poezija\/","title":{"rendered":"Prve reakcije na gej film Danijela Krejga: &#8220;Ovo je poezija&#8221;"},"content":{"rendered":"<p><strong>Studio A24 objavio je zvani\u010dan trejler za film &#8220;Kvir&#8221; u kojoj glavne uloge imaju Danijel Krejg i Dru Starki.<\/strong><\/p>\n<p>Film je re\u017eirao italijanski reditelj Luka Gvadanjino, poznat po filmovima &#8220;Rivali&#8221; i &#8220;Skrivena&#8221; ljubav, i sti\u017ee uskoro bioskope.<\/p>\n<p>Film je svoju svetsku premijeru imao na Me\u0111unarodnom filmskom festivalu u Veneciji, gde se takmi\u010dio za Zlatnog lava i dobio devetominutne ovacija nakon projekcije, prenosi 24sedam.<\/p>\n<p>Nakon Venecije, film je prikazan i na Me\u0111unarodnom filmskom festivalu u Torontu kao i na Filmskom festivalu u Njujorku, i svuda je dobro primljen.<\/p>\n<p>Film sadr\u017ei brojne eksplicitne ljubavne scene izme\u0111u glavnih junaka, a reditelj Gvadanjino je izjavio kako se nada da \u0107e publika u filmu videti i ne\u0161to vi\u0161e osim seksa.<\/p>\n<p>Nakon \u0161to je studio A24 objavio trejler, fanovi su ubrzo na dru\u0161tvenim mre\u017eama podelili kako im se svideo. Najvi\u0161e pohvala dobio je reditelj Luka Gvadanjino, za kog su napisali da je snimio pravo umetni\u010dko delo.<\/p>\n<p>&#8220;Luka Gvadanjino, \u0161ta nam to radi\u0161&#8221;, &#8220;Danijel, Dru i Luka je trojka koja nam je svima trebala&#8221;, &#8220;Ovo izgleda neverovatno, svaki kadar izgleda kao umetnost&#8221;, &#8220;Trejler izgleda predivno. Luka Gvadanjino stvarno nikad ne razo\u010dara&#8221;, &#8220;Ovo je poezija u filmskom obliku&#8221;, samo su neki od komentara.<\/p>\n<p>Izvor: B92<\/p>\n<p><iframe loading=\"lazy\" width=\"800\" height=\"440\" src=\"https:\/\/www.youtube.com\/embed\/eknj5_0tF2s?si=pfgb-JIXYIL6qboc\" title=\"YouTube video player\" frameborder=\"0\" allow=\"accelerometer; autoplay; clipboard-write; encrypted-media; gyroscope; picture-in-picture; web-share\" referrerpolicy=\"strict-origin-when-cross-origin\" allowfullscreen><\/iframe><\/p>\n","protected":false},"excerpt":{"rendered":"<p>Studio A24 objavio je zvani\u010dan trejler za film &#8220;Kvir&#8221; u kojoj glavne uloge imaju Danijel Krejg i Dru Starki. Film je re\u017eirao italijanski reditelj Luka Gvadanjino, poznat po filmovima &#8220;Rivali&#8221; [&hellip;]<\/p>\n","protected":false},"author":1,"featured_media":15753,"comment_status":"open","ping_status":"open","sticky":false,"template":"","format":"standard","meta":{"footnotes":"","_links_to":"","_links_to_target":""},"categories":[13,12],"tags":[70,93,29,80],"class_list":["post-17623","post","type-post","status-publish","format-standard","has-post-thumbnail","hentry","category-film","category-umetnost","tag-b92-net","tag-film","tag-sad","tag-video"],"yoast_head":"<!-- This site is optimized with the Yoast SEO plugin v27.4 - https:\/\/yoast.com\/product\/yoast-seo-wordpress\/ -->\n<title>Prve reakcije na gej film Danijela Krejga: &quot;Ovo je poezija&quot; - GayEcho<\/title>\n<meta name=\"robots\" content=\"index, follow, max-snippet:-1, max-image-preview:large, max-video-preview:-1\" \/>\n<link rel=\"canonical\" href=\"https:\/\/gayecho.com\/news\/prve-reakcije-na-gej-film-danijela-krejga-ovo-je-poezija\/\" \/>\n<meta property=\"og:locale\" content=\"en_US\" \/>\n<meta property=\"og:type\" content=\"article\" \/>\n<meta property=\"og:title\" content=\"Prve reakcije na gej film Danijela Krejga: &quot;Ovo je poezija&quot; - GayEcho\" \/>\n<meta property=\"og:description\" content=\"Studio A24 objavio je zvani\u010dan trejler za film &#8220;Kvir&#8221; u kojoj glavne uloge imaju Danijel Krejg i Dru Starki. Film je re\u017eirao italijanski reditelj Luka Gvadanjino, poznat po filmovima &#8220;Rivali&#8221; [&hellip;]\" \/>\n<meta property=\"og:url\" content=\"https:\/\/gayecho.com\/news\/prve-reakcije-na-gej-film-danijela-krejga-ovo-je-poezija\/\" \/>\n<meta property=\"og:site_name\" content=\"GayEcho\" \/>\n<meta property=\"article:publisher\" content=\"https:\/\/www.facebook.com\/gayecho\" \/>\n<meta property=\"article:published_time\" content=\"2024-11-07T13:04:07+00:00\" \/>\n<meta property=\"og:image\" content=\"https:\/\/gayecho.com\/news\/wp-content\/uploads\/2022\/10\/daniel-craig.jpg\" \/>\n\t<meta property=\"og:image:width\" content=\"800\" \/>\n\t<meta property=\"og:image:height\" content=\"440\" \/>\n\t<meta property=\"og:image:type\" content=\"image\/jpeg\" \/>\n<meta name=\"author\" content=\"admin\" \/>\n<meta name=\"twitter:label1\" content=\"Written by\" \/>\n\t<meta name=\"twitter:data1\" content=\"admin\" \/>\n\t<meta name=\"twitter:label2\" content=\"Est. reading time\" \/>\n\t<meta name=\"twitter:data2\" content=\"1 minute\" \/>\n<script type=\"application\/ld+json\" class=\"yoast-schema-graph\">{\"@context\":\"https:\\\/\\\/schema.org\",\"@graph\":[{\"@type\":\"Article\",\"@id\":\"https:\\\/\\\/gayecho.com\\\/news\\\/prve-reakcije-na-gej-film-danijela-krejga-ovo-je-poezija\\\/#article\",\"isPartOf\":{\"@id\":\"https:\\\/\\\/gayecho.com\\\/news\\\/prve-reakcije-na-gej-film-danijela-krejga-ovo-je-poezija\\\/\"},\"author\":{\"name\":\"admin\",\"@id\":\"https:\\\/\\\/gayecho.com\\\/news\\\/#\\\/schema\\\/person\\\/8242572e33fa715d40519064238b57d2\"},\"headline\":\"Prve reakcije na gej film Danijela Krejga: &#8220;Ovo je poezija&#8221;\",\"datePublished\":\"2024-11-07T13:04:07+00:00\",\"mainEntityOfPage\":{\"@id\":\"https:\\\/\\\/gayecho.com\\\/news\\\/prve-reakcije-na-gej-film-danijela-krejga-ovo-je-poezija\\\/\"},\"wordCount\":222,\"commentCount\":0,\"publisher\":{\"@id\":\"https:\\\/\\\/gayecho.com\\\/news\\\/#organization\"},\"image\":{\"@id\":\"https:\\\/\\\/gayecho.com\\\/news\\\/prve-reakcije-na-gej-film-danijela-krejga-ovo-je-poezija\\\/#primaryimage\"},\"thumbnailUrl\":\"https:\\\/\\\/gayecho.com\\\/news\\\/wp-content\\\/uploads\\\/2022\\\/10\\\/daniel-craig.jpg\",\"keywords\":[\"b92.net\",\"film\",\"SAD\",\"video\"],\"articleSection\":[\"Film i televizija\",\"Umetnost\"],\"inLanguage\":\"en-US\",\"potentialAction\":[{\"@type\":\"CommentAction\",\"name\":\"Comment\",\"target\":[\"https:\\\/\\\/gayecho.com\\\/news\\\/prve-reakcije-na-gej-film-danijela-krejga-ovo-je-poezija\\\/#respond\"]}]},{\"@type\":\"WebPage\",\"@id\":\"https:\\\/\\\/gayecho.com\\\/news\\\/prve-reakcije-na-gej-film-danijela-krejga-ovo-je-poezija\\\/\",\"url\":\"https:\\\/\\\/gayecho.com\\\/news\\\/prve-reakcije-na-gej-film-danijela-krejga-ovo-je-poezija\\\/\",\"name\":\"Prve reakcije na gej film Danijela Krejga: \\\"Ovo je poezija\\\" - GayEcho\",\"isPartOf\":{\"@id\":\"https:\\\/\\\/gayecho.com\\\/news\\\/#website\"},\"primaryImageOfPage\":{\"@id\":\"https:\\\/\\\/gayecho.com\\\/news\\\/prve-reakcije-na-gej-film-danijela-krejga-ovo-je-poezija\\\/#primaryimage\"},\"image\":{\"@id\":\"https:\\\/\\\/gayecho.com\\\/news\\\/prve-reakcije-na-gej-film-danijela-krejga-ovo-je-poezija\\\/#primaryimage\"},\"thumbnailUrl\":\"https:\\\/\\\/gayecho.com\\\/news\\\/wp-content\\\/uploads\\\/2022\\\/10\\\/daniel-craig.jpg\",\"datePublished\":\"2024-11-07T13:04:07+00:00\",\"breadcrumb\":{\"@id\":\"https:\\\/\\\/gayecho.com\\\/news\\\/prve-reakcije-na-gej-film-danijela-krejga-ovo-je-poezija\\\/#breadcrumb\"},\"inLanguage\":\"en-US\",\"potentialAction\":[{\"@type\":\"ReadAction\",\"target\":[\"https:\\\/\\\/gayecho.com\\\/news\\\/prve-reakcije-na-gej-film-danijela-krejga-ovo-je-poezija\\\/\"]}]},{\"@type\":\"ImageObject\",\"inLanguage\":\"en-US\",\"@id\":\"https:\\\/\\\/gayecho.com\\\/news\\\/prve-reakcije-na-gej-film-danijela-krejga-ovo-je-poezija\\\/#primaryimage\",\"url\":\"https:\\\/\\\/gayecho.com\\\/news\\\/wp-content\\\/uploads\\\/2022\\\/10\\\/daniel-craig.jpg\",\"contentUrl\":\"https:\\\/\\\/gayecho.com\\\/news\\\/wp-content\\\/uploads\\\/2022\\\/10\\\/daniel-craig.jpg\",\"width\":800,\"height\":440},{\"@type\":\"BreadcrumbList\",\"@id\":\"https:\\\/\\\/gayecho.com\\\/news\\\/prve-reakcije-na-gej-film-danijela-krejga-ovo-je-poezija\\\/#breadcrumb\",\"itemListElement\":[{\"@type\":\"ListItem\",\"position\":1,\"name\":\"Home\",\"item\":\"https:\\\/\\\/gayecho.com\\\/news\\\/\"},{\"@type\":\"ListItem\",\"position\":2,\"name\":\"Prve reakcije na gej film Danijela Krejga: &#8220;Ovo je poezija&#8221;\"}]},{\"@type\":\"WebSite\",\"@id\":\"https:\\\/\\\/gayecho.com\\\/news\\\/#website\",\"url\":\"https:\\\/\\\/gayecho.com\\\/news\\\/\",\"name\":\"GayEcho\",\"description\":\"Javni servis gej Srbije [LGBT Srbija]\",\"publisher\":{\"@id\":\"https:\\\/\\\/gayecho.com\\\/news\\\/#organization\"},\"potentialAction\":[{\"@type\":\"SearchAction\",\"target\":{\"@type\":\"EntryPoint\",\"urlTemplate\":\"https:\\\/\\\/gayecho.com\\\/news\\\/?s={search_term_string}\"},\"query-input\":{\"@type\":\"PropertyValueSpecification\",\"valueRequired\":true,\"valueName\":\"search_term_string\"}}],\"inLanguage\":\"en-US\"},{\"@type\":\"Organization\",\"@id\":\"https:\\\/\\\/gayecho.com\\\/news\\\/#organization\",\"name\":\"GayEcho\",\"url\":\"https:\\\/\\\/gayecho.com\\\/news\\\/\",\"logo\":{\"@type\":\"ImageObject\",\"inLanguage\":\"en-US\",\"@id\":\"https:\\\/\\\/gayecho.com\\\/news\\\/#\\\/schema\\\/logo\\\/image\\\/\",\"url\":\"https:\\\/\\\/gayecho.com\\\/news\\\/wp-content\\\/uploads\\\/2017\\\/03\\\/gayecho-logo.jpg\",\"contentUrl\":\"https:\\\/\\\/gayecho.com\\\/news\\\/wp-content\\\/uploads\\\/2017\\\/03\\\/gayecho-logo.jpg\",\"width\":225,\"height\":60,\"caption\":\"GayEcho\"},\"image\":{\"@id\":\"https:\\\/\\\/gayecho.com\\\/news\\\/#\\\/schema\\\/logo\\\/image\\\/\"},\"sameAs\":[\"https:\\\/\\\/www.facebook.com\\\/gayecho\",\"https:\\\/\\\/x.com\\\/gayecho\",\"https:\\\/\\\/www.instagram.com\\\/ispustujme\"]},{\"@type\":\"Person\",\"@id\":\"https:\\\/\\\/gayecho.com\\\/news\\\/#\\\/schema\\\/person\\\/8242572e33fa715d40519064238b57d2\",\"name\":\"admin\",\"image\":{\"@type\":\"ImageObject\",\"inLanguage\":\"en-US\",\"@id\":\"https:\\\/\\\/secure.gravatar.com\\\/avatar\\\/b6c14e834ac333d79570a019cabf62da50c52d1473773bc0513edc256790dfe9?s=96&d=mm&r=g\",\"url\":\"https:\\\/\\\/secure.gravatar.com\\\/avatar\\\/b6c14e834ac333d79570a019cabf62da50c52d1473773bc0513edc256790dfe9?s=96&d=mm&r=g\",\"contentUrl\":\"https:\\\/\\\/secure.gravatar.com\\\/avatar\\\/b6c14e834ac333d79570a019cabf62da50c52d1473773bc0513edc256790dfe9?s=96&d=mm&r=g\",\"caption\":\"admin\"},\"url\":\"https:\\\/\\\/gayecho.com\\\/news\\\/author\\\/admin\\\/\"}]}<\/script>\n<!-- \/ Yoast SEO plugin. -->","yoast_head_json":{"title":"Prve reakcije na gej film Danijela Krejga: \"Ovo je poezija\" - GayEcho","robots":{"index":"index","follow":"follow","max-snippet":"max-snippet:-1","max-image-preview":"max-image-preview:large","max-video-preview":"max-video-preview:-1"},"canonical":"https:\/\/gayecho.com\/news\/prve-reakcije-na-gej-film-danijela-krejga-ovo-je-poezija\/","og_locale":"en_US","og_type":"article","og_title":"Prve reakcije na gej film Danijela Krejga: \"Ovo je poezija\" - GayEcho","og_description":"Studio A24 objavio je zvani\u010dan trejler za film &#8220;Kvir&#8221; u kojoj glavne uloge imaju Danijel Krejg i Dru Starki. Film je re\u017eirao italijanski reditelj Luka Gvadanjino, poznat po filmovima &#8220;Rivali&#8221; [&hellip;]","og_url":"https:\/\/gayecho.com\/news\/prve-reakcije-na-gej-film-danijela-krejga-ovo-je-poezija\/","og_site_name":"GayEcho","article_publisher":"https:\/\/www.facebook.com\/gayecho","article_published_time":"2024-11-07T13:04:07+00:00","og_image":[{"width":800,"height":440,"url":"https:\/\/gayecho.com\/news\/wp-content\/uploads\/2022\/10\/daniel-craig.jpg","type":"image\/jpeg"}],"author":"admin","twitter_misc":{"Written by":"admin","Est. reading time":"1 minute"},"schema":{"@context":"https:\/\/schema.org","@graph":[{"@type":"Article","@id":"https:\/\/gayecho.com\/news\/prve-reakcije-na-gej-film-danijela-krejga-ovo-je-poezija\/#article","isPartOf":{"@id":"https:\/\/gayecho.com\/news\/prve-reakcije-na-gej-film-danijela-krejga-ovo-je-poezija\/"},"author":{"name":"admin","@id":"https:\/\/gayecho.com\/news\/#\/schema\/person\/8242572e33fa715d40519064238b57d2"},"headline":"Prve reakcije na gej film Danijela Krejga: &#8220;Ovo je poezija&#8221;","datePublished":"2024-11-07T13:04:07+00:00","mainEntityOfPage":{"@id":"https:\/\/gayecho.com\/news\/prve-reakcije-na-gej-film-danijela-krejga-ovo-je-poezija\/"},"wordCount":222,"commentCount":0,"publisher":{"@id":"https:\/\/gayecho.com\/news\/#organization"},"image":{"@id":"https:\/\/gayecho.com\/news\/prve-reakcije-na-gej-film-danijela-krejga-ovo-je-poezija\/#primaryimage"},"thumbnailUrl":"https:\/\/gayecho.com\/news\/wp-content\/uploads\/2022\/10\/daniel-craig.jpg","keywords":["b92.net","film","SAD","video"],"articleSection":["Film i televizija","Umetnost"],"inLanguage":"en-US","potentialAction":[{"@type":"CommentAction","name":"Comment","target":["https:\/\/gayecho.com\/news\/prve-reakcije-na-gej-film-danijela-krejga-ovo-je-poezija\/#respond"]}]},{"@type":"WebPage","@id":"https:\/\/gayecho.com\/news\/prve-reakcije-na-gej-film-danijela-krejga-ovo-je-poezija\/","url":"https:\/\/gayecho.com\/news\/prve-reakcije-na-gej-film-danijela-krejga-ovo-je-poezija\/","name":"Prve reakcije na gej film Danijela Krejga: \"Ovo je poezija\" - GayEcho","isPartOf":{"@id":"https:\/\/gayecho.com\/news\/#website"},"primaryImageOfPage":{"@id":"https:\/\/gayecho.com\/news\/prve-reakcije-na-gej-film-danijela-krejga-ovo-je-poezija\/#primaryimage"},"image":{"@id":"https:\/\/gayecho.com\/news\/prve-reakcije-na-gej-film-danijela-krejga-ovo-je-poezija\/#primaryimage"},"thumbnailUrl":"https:\/\/gayecho.com\/news\/wp-content\/uploads\/2022\/10\/daniel-craig.jpg","datePublished":"2024-11-07T13:04:07+00:00","breadcrumb":{"@id":"https:\/\/gayecho.com\/news\/prve-reakcije-na-gej-film-danijela-krejga-ovo-je-poezija\/#breadcrumb"},"inLanguage":"en-US","potentialAction":[{"@type":"ReadAction","target":["https:\/\/gayecho.com\/news\/prve-reakcije-na-gej-film-danijela-krejga-ovo-je-poezija\/"]}]},{"@type":"ImageObject","inLanguage":"en-US","@id":"https:\/\/gayecho.com\/news\/prve-reakcije-na-gej-film-danijela-krejga-ovo-je-poezija\/#primaryimage","url":"https:\/\/gayecho.com\/news\/wp-content\/uploads\/2022\/10\/daniel-craig.jpg","contentUrl":"https:\/\/gayecho.com\/news\/wp-content\/uploads\/2022\/10\/daniel-craig.jpg","width":800,"height":440},{"@type":"BreadcrumbList","@id":"https:\/\/gayecho.com\/news\/prve-reakcije-na-gej-film-danijela-krejga-ovo-je-poezija\/#breadcrumb","itemListElement":[{"@type":"ListItem","position":1,"name":"Home","item":"https:\/\/gayecho.com\/news\/"},{"@type":"ListItem","position":2,"name":"Prve reakcije na gej film Danijela Krejga: &#8220;Ovo je poezija&#8221;"}]},{"@type":"WebSite","@id":"https:\/\/gayecho.com\/news\/#website","url":"https:\/\/gayecho.com\/news\/","name":"GayEcho","description":"Javni servis gej Srbije [LGBT Srbija]","publisher":{"@id":"https:\/\/gayecho.com\/news\/#organization"},"potentialAction":[{"@type":"SearchAction","target":{"@type":"EntryPoint","urlTemplate":"https:\/\/gayecho.com\/news\/?s={search_term_string}"},"query-input":{"@type":"PropertyValueSpecification","valueRequired":true,"valueName":"search_term_string"}}],"inLanguage":"en-US"},{"@type":"Organization","@id":"https:\/\/gayecho.com\/news\/#organization","name":"GayEcho","url":"https:\/\/gayecho.com\/news\/","logo":{"@type":"ImageObject","inLanguage":"en-US","@id":"https:\/\/gayecho.com\/news\/#\/schema\/logo\/image\/","url":"https:\/\/gayecho.com\/news\/wp-content\/uploads\/2017\/03\/gayecho-logo.jpg","contentUrl":"https:\/\/gayecho.com\/news\/wp-content\/uploads\/2017\/03\/gayecho-logo.jpg","width":225,"height":60,"caption":"GayEcho"},"image":{"@id":"https:\/\/gayecho.com\/news\/#\/schema\/logo\/image\/"},"sameAs":["https:\/\/www.facebook.com\/gayecho","https:\/\/x.com\/gayecho","https:\/\/www.instagram.com\/ispustujme"]},{"@type":"Person","@id":"https:\/\/gayecho.com\/news\/#\/schema\/person\/8242572e33fa715d40519064238b57d2","name":"admin","image":{"@type":"ImageObject","inLanguage":"en-US","@id":"https:\/\/secure.gravatar.com\/avatar\/b6c14e834ac333d79570a019cabf62da50c52d1473773bc0513edc256790dfe9?s=96&d=mm&r=g","url":"https:\/\/secure.gravatar.com\/avatar\/b6c14e834ac333d79570a019cabf62da50c52d1473773bc0513edc256790dfe9?s=96&d=mm&r=g","contentUrl":"https:\/\/secure.gravatar.com\/avatar\/b6c14e834ac333d79570a019cabf62da50c52d1473773bc0513edc256790dfe9?s=96&d=mm&r=g","caption":"admin"},"url":"https:\/\/gayecho.com\/news\/author\/admin\/"}]}},"_links":{"self":[{"href":"https:\/\/gayecho.com\/news\/wp-json\/wp\/v2\/posts\/17623","targetHints":{"allow":["GET"]}}],"collection":[{"href":"https:\/\/gayecho.com\/news\/wp-json\/wp\/v2\/posts"}],"about":[{"href":"https:\/\/gayecho.com\/news\/wp-json\/wp\/v2\/types\/post"}],"author":[{"embeddable":true,"href":"https:\/\/gayecho.com\/news\/wp-json\/wp\/v2\/users\/1"}],"replies":[{"embeddable":true,"href":"https:\/\/gayecho.com\/news\/wp-json\/wp\/v2\/comments?post=17623"}],"version-history":[{"count":1,"href":"https:\/\/gayecho.com\/news\/wp-json\/wp\/v2\/posts\/17623\/revisions"}],"predecessor-version":[{"id":17624,"href":"https:\/\/gayecho.com\/news\/wp-json\/wp\/v2\/posts\/17623\/revisions\/17624"}],"wp:featuredmedia":[{"embeddable":true,"href":"https:\/\/gayecho.com\/news\/wp-json\/wp\/v2\/media\/15753"}],"wp:attachment":[{"href":"https:\/\/gayecho.com\/news\/wp-json\/wp\/v2\/media?parent=17623"}],"wp:term":[{"taxonomy":"category","embeddable":true,"href":"https:\/\/gayecho.com\/news\/wp-json\/wp\/v2\/categories?post=17623"},{"taxonomy":"post_tag","embeddable":true,"href":"https:\/\/gayecho.com\/news\/wp-json\/wp\/v2\/tags?post=17623"}],"curies":[{"name":"wp","href":"https:\/\/api.w.org\/{rel}","templated":true}]}}