{"id":17475,"date":"2024-08-25T10:47:43","date_gmt":"2024-08-25T18:47:43","guid":{"rendered":"https:\/\/gayecho.com\/news\/?p=17475"},"modified":"2024-08-25T10:47:43","modified_gmt":"2024-08-25T18:47:43","slug":"da-li-je-predavanje-kvir-sveci-i-kvir-slave-na-ovogodisnjem-prajdu-provokacija","status":"publish","type":"post","link":"https:\/\/gayecho.com\/news\/da-li-je-predavanje-kvir-sveci-i-kvir-slave-na-ovogodisnjem-prajdu-provokacija\/","title":{"rendered":"Da li je predavanje \u201cKvir sveci i kvir slave\u201d na ovogodi\u0161njem Prajdu provokacija?"},"content":{"rendered":"<p><strong>LGBT aktivisti Predrag Azdejkovi\u0107 i Marko Mihailovi\u0107 jutros su u studiju TV Prva polemisali o predavanju &#8220;Kvir sveci i slave&#8221;, koje se odr\u017eava u okviru Nedelje ponosa.<\/strong><\/p>\n<p>Naime, Predrag Azdejkovi\u0107 smatra da je predavanj &#8220;Kvir sveci i slave&#8221; vre\u0111anje ose\u0107anja pravoslavnih vernika i da \u010dini \u0161tetu LGBT populaciji.<\/p>\n<p>&#8220;Mi svake godine imamo neki &#8220;skandal&#8221;, a nema potrebe. Prajd je jo\u0161 uvek kontroverzna tema kod nas. Nema razloga za tenzijom i guranjem prsta u oko. Ovo se namerno radi, za\u0161to, ja nemam odgovor&#8221;, rekao je novinar Predrag Azdejkovi\u0107, urednik LGBT magazina &#8220;Optimist&#8221; i direktor me\u0111unarodnog festivala kvir filma &#8220;Merlinka&#8221;.<\/p>\n<p><iframe loading=\"lazy\" width=\"800\" height=\"440\" src=\"https:\/\/www.youtube.com\/embed\/orFAPJQc-lk?si=mAV0FuRdWrdUT27c\" title=\"YouTube video player\" frameborder=\"0\" allow=\"accelerometer; autoplay; clipboard-write; encrypted-media; gyroscope; picture-in-picture; web-share\" referrerpolicy=\"strict-origin-when-cross-origin\" allowfullscreen><\/iframe><\/p>\n<p>&#8220;Za mene tu nema nikakve kontroverze. Ne sla\u017eem se da Prajd bode o\u010di, mislim da provokacije kre\u0107u od Predraga Azdejkovi\u0107a. Beogradski Prajd je, \u0161tavi\u0161e, po mom mi\u0161ljenju, i previ\u0161e blag. Postoji dosta pravoslavaca u LGBT populaciji. Ne mislim da LGBT ljudi treba da imaju zabranu pri\u010de o religiji. Mene kao gej mu\u0161karca jako boli kada gledam litije koji su protiv Prajda. Voleo bih da vi\u0161e govorimo o nedostatku slobode&#8221;, rekao je Marko Mihailovi\u0107, biv\u0161i direktor beogradskog Prajda.<\/p>\n<p><strong>&#8220;Provokacije lo\u0161e za LGBT zajednicu&#8221;<\/strong><br \/>\n&#8220;Ako vernici nama ka\u017eu da ih ne\u0161to vre\u0111a, ako ho\u0107emo neke odnose da gradimo onda treba da poka\u017eemo kako ti odnosi treba da izgledaju. Sla\u017eem se da odnos SPC prema LGBT treba da se promeni, ali ovo nije na\u010din. Tema o kvir svecima i kvir slavama nije tema u ovom trenutku za Srbiju. Te vrste provokacija su se ve\u0107 de\u0161avale i uvek su se zavr\u0161avale lo\u0161e po LGBT zajednicu u Srbiji. Ni\u0161ta se nije uradilo poslednjih godina za pobolj\u0161anje LGBT zajednice, a to je zato \u0161to ne\u0107emo da preuzmemo odgovornost. Mi ho\u0107emo zakon, prekrstimo ruke i ka\u017eemo &#8220;dr\u017eavo, donesi ga&#8221;. Treba da radimo na tome, da pritiskamo. Ono \u0161to je najtu\u017enije je da sam &#8220;SNS bot&#8221; a ja najvi\u0161e od svih pljujem i kritikujem vlast&#8221;, rekao je Azdejkovi\u0107 i dodao da je u Crnoj Gori usvojen zakon o istopolnim partnerstvima, ali da tamo niko nije otvoreno ratovao sa Crkvom.<\/p>\n<p>&#8220;Ne mo\u017eemo ograni\u010davati ljude \u0161ta \u0107e obu\u0107i na protestnu \u0161etnju. Ja mislim da nama treba ova dr\u017eava da se izvini zbog nasilja koje trpimo. Da podilazimo i da se ulizujemo, ne\u0107emo. Policija ne procesuira ljude koji nas napadaju. Dr\u017eava apsolutno ne radi ni\u0161ta, rekao je Mihailovi\u0107, dok je Azdejkovi\u0107 ponovio da predavanje o kvir svecima u okviru Nedelje ponosa nije na\u010din da se izvr\u0161i pritisak na institucije kako bi se doneli zakoni koje LGBT zajednica godinama tra\u017ei.<\/p>\n<p>&#8220;Meni je \u017eao \u0161to si odustao od borbe, se\u0107am se tvojih po\u010detaka. Postoji problem u tome jer nas SPC satanizuje, meni to nije u redu. Moramo da nastavimo da kritikujemo, mislim da previ\u0161e opravdava\u0161 ne\u0161to \u0161to nije za opravdanje. Ve\u0107ina na\u0161e zajednice se ne sla\u017ee sa tobom&#8221;, rekao je Mihailovi\u0107.<\/p>\n<p><strong>&#8220;LGBT aktivisti u Srbiji nemaju rezultate&#8221;<\/strong><br \/>\n&#8220;Mi rezultate nemamo, Amerikanci su se za svoje pravo izborili. Vr\u0161ili su pritisak, potpla\u0107ivali politi\u010dare, pravili manifestacije i izborili su se. Mi smo vrlo pacifizirani. Sedimo i \u010dekamo da nam ne\u0161to neko da. LGBT zajednica nije jednoglasna&#8221;, rekao je Azdejkovi\u0107.<\/p>\n<p>Izvor: B92<\/p>\n","protected":false},"excerpt":{"rendered":"<p>LGBT aktivisti Predrag Azdejkovi\u0107 i Marko Mihailovi\u0107 jutros su u studiju TV Prva polemisali o predavanju &#8220;Kvir sveci i slave&#8221;, koje se odr\u017eava u okviru Nedelje ponosa. Naime, Predrag Azdejkovi\u0107 [&hellip;]<\/p>\n","protected":false},"author":1,"featured_media":17476,"comment_status":"open","ping_status":"open","sticky":false,"template":"","format":"standard","meta":{"footnotes":"","_links_to":"","_links_to_target":""},"categories":[11],"tags":[39,70,115,117,28,80],"class_list":["post-17475","post","type-post","status-publish","format-standard","has-post-thumbnail","hentry","category-drustvo","tag-aktivizam","tag-b92-net","tag-gej-parada","tag-religija","tag-srbija","tag-video"],"yoast_head":"<!-- This site is optimized with the Yoast SEO plugin v27.4 - https:\/\/yoast.com\/product\/yoast-seo-wordpress\/ -->\n<title>Da li je predavanje \u201cKvir sveci i kvir slave\u201d na ovogodi\u0161njem Prajdu provokacija? - GayEcho<\/title>\n<meta name=\"robots\" content=\"index, follow, max-snippet:-1, max-image-preview:large, max-video-preview:-1\" \/>\n<link rel=\"canonical\" href=\"https:\/\/gayecho.com\/news\/da-li-je-predavanje-kvir-sveci-i-kvir-slave-na-ovogodisnjem-prajdu-provokacija\/\" \/>\n<meta property=\"og:locale\" content=\"en_US\" \/>\n<meta property=\"og:type\" content=\"article\" \/>\n<meta property=\"og:title\" content=\"Da li je predavanje \u201cKvir sveci i kvir slave\u201d na ovogodi\u0161njem Prajdu provokacija? - GayEcho\" \/>\n<meta property=\"og:description\" content=\"LGBT aktivisti Predrag Azdejkovi\u0107 i Marko Mihailovi\u0107 jutros su u studiju TV Prva polemisali o predavanju &#8220;Kvir sveci i slave&#8221;, koje se odr\u017eava u okviru Nedelje ponosa. Naime, Predrag Azdejkovi\u0107 [&hellip;]\" \/>\n<meta property=\"og:url\" content=\"https:\/\/gayecho.com\/news\/da-li-je-predavanje-kvir-sveci-i-kvir-slave-na-ovogodisnjem-prajdu-provokacija\/\" \/>\n<meta property=\"og:site_name\" content=\"GayEcho\" \/>\n<meta property=\"article:publisher\" content=\"https:\/\/www.facebook.com\/gayecho\" \/>\n<meta property=\"article:published_time\" content=\"2024-08-25T18:47:43+00:00\" \/>\n<meta property=\"og:image\" content=\"https:\/\/gayecho.com\/news\/wp-content\/uploads\/2024\/08\/marko-predrag.jpg\" \/>\n\t<meta property=\"og:image:width\" content=\"800\" \/>\n\t<meta property=\"og:image:height\" content=\"440\" \/>\n\t<meta property=\"og:image:type\" content=\"image\/jpeg\" \/>\n<meta name=\"author\" content=\"admin\" \/>\n<meta name=\"twitter:label1\" content=\"Written by\" \/>\n\t<meta name=\"twitter:data1\" content=\"admin\" \/>\n\t<meta name=\"twitter:label2\" content=\"Est. reading time\" \/>\n\t<meta name=\"twitter:data2\" content=\"1 minute\" \/>\n<script type=\"application\/ld+json\" class=\"yoast-schema-graph\">{\"@context\":\"https:\\\/\\\/schema.org\",\"@graph\":[{\"@type\":\"Article\",\"@id\":\"https:\\\/\\\/gayecho.com\\\/news\\\/da-li-je-predavanje-kvir-sveci-i-kvir-slave-na-ovogodisnjem-prajdu-provokacija\\\/#article\",\"isPartOf\":{\"@id\":\"https:\\\/\\\/gayecho.com\\\/news\\\/da-li-je-predavanje-kvir-sveci-i-kvir-slave-na-ovogodisnjem-prajdu-provokacija\\\/\"},\"author\":{\"name\":\"admin\",\"@id\":\"https:\\\/\\\/gayecho.com\\\/news\\\/#\\\/schema\\\/person\\\/8242572e33fa715d40519064238b57d2\"},\"headline\":\"Da li je predavanje \u201cKvir sveci i kvir slave\u201d na ovogodi\u0161njem Prajdu provokacija?\",\"datePublished\":\"2024-08-25T18:47:43+00:00\",\"mainEntityOfPage\":{\"@id\":\"https:\\\/\\\/gayecho.com\\\/news\\\/da-li-je-predavanje-kvir-sveci-i-kvir-slave-na-ovogodisnjem-prajdu-provokacija\\\/\"},\"wordCount\":574,\"commentCount\":0,\"publisher\":{\"@id\":\"https:\\\/\\\/gayecho.com\\\/news\\\/#organization\"},\"image\":{\"@id\":\"https:\\\/\\\/gayecho.com\\\/news\\\/da-li-je-predavanje-kvir-sveci-i-kvir-slave-na-ovogodisnjem-prajdu-provokacija\\\/#primaryimage\"},\"thumbnailUrl\":\"https:\\\/\\\/gayecho.com\\\/news\\\/wp-content\\\/uploads\\\/2024\\\/08\\\/marko-predrag.jpg\",\"keywords\":[\"aktivizam\",\"b92.net\",\"gej parada\",\"religija\",\"Srbija\",\"video\"],\"articleSection\":[\"Dru\u0161tvo\"],\"inLanguage\":\"en-US\",\"potentialAction\":[{\"@type\":\"CommentAction\",\"name\":\"Comment\",\"target\":[\"https:\\\/\\\/gayecho.com\\\/news\\\/da-li-je-predavanje-kvir-sveci-i-kvir-slave-na-ovogodisnjem-prajdu-provokacija\\\/#respond\"]}]},{\"@type\":\"WebPage\",\"@id\":\"https:\\\/\\\/gayecho.com\\\/news\\\/da-li-je-predavanje-kvir-sveci-i-kvir-slave-na-ovogodisnjem-prajdu-provokacija\\\/\",\"url\":\"https:\\\/\\\/gayecho.com\\\/news\\\/da-li-je-predavanje-kvir-sveci-i-kvir-slave-na-ovogodisnjem-prajdu-provokacija\\\/\",\"name\":\"Da li je predavanje \u201cKvir sveci i kvir slave\u201d na ovogodi\u0161njem Prajdu provokacija? - GayEcho\",\"isPartOf\":{\"@id\":\"https:\\\/\\\/gayecho.com\\\/news\\\/#website\"},\"primaryImageOfPage\":{\"@id\":\"https:\\\/\\\/gayecho.com\\\/news\\\/da-li-je-predavanje-kvir-sveci-i-kvir-slave-na-ovogodisnjem-prajdu-provokacija\\\/#primaryimage\"},\"image\":{\"@id\":\"https:\\\/\\\/gayecho.com\\\/news\\\/da-li-je-predavanje-kvir-sveci-i-kvir-slave-na-ovogodisnjem-prajdu-provokacija\\\/#primaryimage\"},\"thumbnailUrl\":\"https:\\\/\\\/gayecho.com\\\/news\\\/wp-content\\\/uploads\\\/2024\\\/08\\\/marko-predrag.jpg\",\"datePublished\":\"2024-08-25T18:47:43+00:00\",\"breadcrumb\":{\"@id\":\"https:\\\/\\\/gayecho.com\\\/news\\\/da-li-je-predavanje-kvir-sveci-i-kvir-slave-na-ovogodisnjem-prajdu-provokacija\\\/#breadcrumb\"},\"inLanguage\":\"en-US\",\"potentialAction\":[{\"@type\":\"ReadAction\",\"target\":[\"https:\\\/\\\/gayecho.com\\\/news\\\/da-li-je-predavanje-kvir-sveci-i-kvir-slave-na-ovogodisnjem-prajdu-provokacija\\\/\"]}]},{\"@type\":\"ImageObject\",\"inLanguage\":\"en-US\",\"@id\":\"https:\\\/\\\/gayecho.com\\\/news\\\/da-li-je-predavanje-kvir-sveci-i-kvir-slave-na-ovogodisnjem-prajdu-provokacija\\\/#primaryimage\",\"url\":\"https:\\\/\\\/gayecho.com\\\/news\\\/wp-content\\\/uploads\\\/2024\\\/08\\\/marko-predrag.jpg\",\"contentUrl\":\"https:\\\/\\\/gayecho.com\\\/news\\\/wp-content\\\/uploads\\\/2024\\\/08\\\/marko-predrag.jpg\",\"width\":800,\"height\":440},{\"@type\":\"BreadcrumbList\",\"@id\":\"https:\\\/\\\/gayecho.com\\\/news\\\/da-li-je-predavanje-kvir-sveci-i-kvir-slave-na-ovogodisnjem-prajdu-provokacija\\\/#breadcrumb\",\"itemListElement\":[{\"@type\":\"ListItem\",\"position\":1,\"name\":\"Home\",\"item\":\"https:\\\/\\\/gayecho.com\\\/news\\\/\"},{\"@type\":\"ListItem\",\"position\":2,\"name\":\"Da li je predavanje \u201cKvir sveci i kvir slave\u201d na ovogodi\u0161njem Prajdu provokacija?\"}]},{\"@type\":\"WebSite\",\"@id\":\"https:\\\/\\\/gayecho.com\\\/news\\\/#website\",\"url\":\"https:\\\/\\\/gayecho.com\\\/news\\\/\",\"name\":\"GayEcho\",\"description\":\"Javni servis gej Srbije [LGBT Srbija]\",\"publisher\":{\"@id\":\"https:\\\/\\\/gayecho.com\\\/news\\\/#organization\"},\"potentialAction\":[{\"@type\":\"SearchAction\",\"target\":{\"@type\":\"EntryPoint\",\"urlTemplate\":\"https:\\\/\\\/gayecho.com\\\/news\\\/?s={search_term_string}\"},\"query-input\":{\"@type\":\"PropertyValueSpecification\",\"valueRequired\":true,\"valueName\":\"search_term_string\"}}],\"inLanguage\":\"en-US\"},{\"@type\":\"Organization\",\"@id\":\"https:\\\/\\\/gayecho.com\\\/news\\\/#organization\",\"name\":\"GayEcho\",\"url\":\"https:\\\/\\\/gayecho.com\\\/news\\\/\",\"logo\":{\"@type\":\"ImageObject\",\"inLanguage\":\"en-US\",\"@id\":\"https:\\\/\\\/gayecho.com\\\/news\\\/#\\\/schema\\\/logo\\\/image\\\/\",\"url\":\"https:\\\/\\\/gayecho.com\\\/news\\\/wp-content\\\/uploads\\\/2017\\\/03\\\/gayecho-logo.jpg\",\"contentUrl\":\"https:\\\/\\\/gayecho.com\\\/news\\\/wp-content\\\/uploads\\\/2017\\\/03\\\/gayecho-logo.jpg\",\"width\":225,\"height\":60,\"caption\":\"GayEcho\"},\"image\":{\"@id\":\"https:\\\/\\\/gayecho.com\\\/news\\\/#\\\/schema\\\/logo\\\/image\\\/\"},\"sameAs\":[\"https:\\\/\\\/www.facebook.com\\\/gayecho\",\"https:\\\/\\\/x.com\\\/gayecho\",\"https:\\\/\\\/www.instagram.com\\\/ispustujme\"]},{\"@type\":\"Person\",\"@id\":\"https:\\\/\\\/gayecho.com\\\/news\\\/#\\\/schema\\\/person\\\/8242572e33fa715d40519064238b57d2\",\"name\":\"admin\",\"image\":{\"@type\":\"ImageObject\",\"inLanguage\":\"en-US\",\"@id\":\"https:\\\/\\\/secure.gravatar.com\\\/avatar\\\/b6c14e834ac333d79570a019cabf62da50c52d1473773bc0513edc256790dfe9?s=96&d=mm&r=g\",\"url\":\"https:\\\/\\\/secure.gravatar.com\\\/avatar\\\/b6c14e834ac333d79570a019cabf62da50c52d1473773bc0513edc256790dfe9?s=96&d=mm&r=g\",\"contentUrl\":\"https:\\\/\\\/secure.gravatar.com\\\/avatar\\\/b6c14e834ac333d79570a019cabf62da50c52d1473773bc0513edc256790dfe9?s=96&d=mm&r=g\",\"caption\":\"admin\"},\"url\":\"https:\\\/\\\/gayecho.com\\\/news\\\/author\\\/admin\\\/\"}]}<\/script>\n<!-- \/ Yoast SEO plugin. -->","yoast_head_json":{"title":"Da li je predavanje \u201cKvir sveci i kvir slave\u201d na ovogodi\u0161njem Prajdu provokacija? - GayEcho","robots":{"index":"index","follow":"follow","max-snippet":"max-snippet:-1","max-image-preview":"max-image-preview:large","max-video-preview":"max-video-preview:-1"},"canonical":"https:\/\/gayecho.com\/news\/da-li-je-predavanje-kvir-sveci-i-kvir-slave-na-ovogodisnjem-prajdu-provokacija\/","og_locale":"en_US","og_type":"article","og_title":"Da li je predavanje \u201cKvir sveci i kvir slave\u201d na ovogodi\u0161njem Prajdu provokacija? - GayEcho","og_description":"LGBT aktivisti Predrag Azdejkovi\u0107 i Marko Mihailovi\u0107 jutros su u studiju TV Prva polemisali o predavanju &#8220;Kvir sveci i slave&#8221;, koje se odr\u017eava u okviru Nedelje ponosa. Naime, Predrag Azdejkovi\u0107 [&hellip;]","og_url":"https:\/\/gayecho.com\/news\/da-li-je-predavanje-kvir-sveci-i-kvir-slave-na-ovogodisnjem-prajdu-provokacija\/","og_site_name":"GayEcho","article_publisher":"https:\/\/www.facebook.com\/gayecho","article_published_time":"2024-08-25T18:47:43+00:00","og_image":[{"width":800,"height":440,"url":"https:\/\/gayecho.com\/news\/wp-content\/uploads\/2024\/08\/marko-predrag.jpg","type":"image\/jpeg"}],"author":"admin","twitter_misc":{"Written by":"admin","Est. reading time":"1 minute"},"schema":{"@context":"https:\/\/schema.org","@graph":[{"@type":"Article","@id":"https:\/\/gayecho.com\/news\/da-li-je-predavanje-kvir-sveci-i-kvir-slave-na-ovogodisnjem-prajdu-provokacija\/#article","isPartOf":{"@id":"https:\/\/gayecho.com\/news\/da-li-je-predavanje-kvir-sveci-i-kvir-slave-na-ovogodisnjem-prajdu-provokacija\/"},"author":{"name":"admin","@id":"https:\/\/gayecho.com\/news\/#\/schema\/person\/8242572e33fa715d40519064238b57d2"},"headline":"Da li je predavanje \u201cKvir sveci i kvir slave\u201d na ovogodi\u0161njem Prajdu provokacija?","datePublished":"2024-08-25T18:47:43+00:00","mainEntityOfPage":{"@id":"https:\/\/gayecho.com\/news\/da-li-je-predavanje-kvir-sveci-i-kvir-slave-na-ovogodisnjem-prajdu-provokacija\/"},"wordCount":574,"commentCount":0,"publisher":{"@id":"https:\/\/gayecho.com\/news\/#organization"},"image":{"@id":"https:\/\/gayecho.com\/news\/da-li-je-predavanje-kvir-sveci-i-kvir-slave-na-ovogodisnjem-prajdu-provokacija\/#primaryimage"},"thumbnailUrl":"https:\/\/gayecho.com\/news\/wp-content\/uploads\/2024\/08\/marko-predrag.jpg","keywords":["aktivizam","b92.net","gej parada","religija","Srbija","video"],"articleSection":["Dru\u0161tvo"],"inLanguage":"en-US","potentialAction":[{"@type":"CommentAction","name":"Comment","target":["https:\/\/gayecho.com\/news\/da-li-je-predavanje-kvir-sveci-i-kvir-slave-na-ovogodisnjem-prajdu-provokacija\/#respond"]}]},{"@type":"WebPage","@id":"https:\/\/gayecho.com\/news\/da-li-je-predavanje-kvir-sveci-i-kvir-slave-na-ovogodisnjem-prajdu-provokacija\/","url":"https:\/\/gayecho.com\/news\/da-li-je-predavanje-kvir-sveci-i-kvir-slave-na-ovogodisnjem-prajdu-provokacija\/","name":"Da li je predavanje \u201cKvir sveci i kvir slave\u201d na ovogodi\u0161njem Prajdu provokacija? - GayEcho","isPartOf":{"@id":"https:\/\/gayecho.com\/news\/#website"},"primaryImageOfPage":{"@id":"https:\/\/gayecho.com\/news\/da-li-je-predavanje-kvir-sveci-i-kvir-slave-na-ovogodisnjem-prajdu-provokacija\/#primaryimage"},"image":{"@id":"https:\/\/gayecho.com\/news\/da-li-je-predavanje-kvir-sveci-i-kvir-slave-na-ovogodisnjem-prajdu-provokacija\/#primaryimage"},"thumbnailUrl":"https:\/\/gayecho.com\/news\/wp-content\/uploads\/2024\/08\/marko-predrag.jpg","datePublished":"2024-08-25T18:47:43+00:00","breadcrumb":{"@id":"https:\/\/gayecho.com\/news\/da-li-je-predavanje-kvir-sveci-i-kvir-slave-na-ovogodisnjem-prajdu-provokacija\/#breadcrumb"},"inLanguage":"en-US","potentialAction":[{"@type":"ReadAction","target":["https:\/\/gayecho.com\/news\/da-li-je-predavanje-kvir-sveci-i-kvir-slave-na-ovogodisnjem-prajdu-provokacija\/"]}]},{"@type":"ImageObject","inLanguage":"en-US","@id":"https:\/\/gayecho.com\/news\/da-li-je-predavanje-kvir-sveci-i-kvir-slave-na-ovogodisnjem-prajdu-provokacija\/#primaryimage","url":"https:\/\/gayecho.com\/news\/wp-content\/uploads\/2024\/08\/marko-predrag.jpg","contentUrl":"https:\/\/gayecho.com\/news\/wp-content\/uploads\/2024\/08\/marko-predrag.jpg","width":800,"height":440},{"@type":"BreadcrumbList","@id":"https:\/\/gayecho.com\/news\/da-li-je-predavanje-kvir-sveci-i-kvir-slave-na-ovogodisnjem-prajdu-provokacija\/#breadcrumb","itemListElement":[{"@type":"ListItem","position":1,"name":"Home","item":"https:\/\/gayecho.com\/news\/"},{"@type":"ListItem","position":2,"name":"Da li je predavanje \u201cKvir sveci i kvir slave\u201d na ovogodi\u0161njem Prajdu provokacija?"}]},{"@type":"WebSite","@id":"https:\/\/gayecho.com\/news\/#website","url":"https:\/\/gayecho.com\/news\/","name":"GayEcho","description":"Javni servis gej Srbije [LGBT Srbija]","publisher":{"@id":"https:\/\/gayecho.com\/news\/#organization"},"potentialAction":[{"@type":"SearchAction","target":{"@type":"EntryPoint","urlTemplate":"https:\/\/gayecho.com\/news\/?s={search_term_string}"},"query-input":{"@type":"PropertyValueSpecification","valueRequired":true,"valueName":"search_term_string"}}],"inLanguage":"en-US"},{"@type":"Organization","@id":"https:\/\/gayecho.com\/news\/#organization","name":"GayEcho","url":"https:\/\/gayecho.com\/news\/","logo":{"@type":"ImageObject","inLanguage":"en-US","@id":"https:\/\/gayecho.com\/news\/#\/schema\/logo\/image\/","url":"https:\/\/gayecho.com\/news\/wp-content\/uploads\/2017\/03\/gayecho-logo.jpg","contentUrl":"https:\/\/gayecho.com\/news\/wp-content\/uploads\/2017\/03\/gayecho-logo.jpg","width":225,"height":60,"caption":"GayEcho"},"image":{"@id":"https:\/\/gayecho.com\/news\/#\/schema\/logo\/image\/"},"sameAs":["https:\/\/www.facebook.com\/gayecho","https:\/\/x.com\/gayecho","https:\/\/www.instagram.com\/ispustujme"]},{"@type":"Person","@id":"https:\/\/gayecho.com\/news\/#\/schema\/person\/8242572e33fa715d40519064238b57d2","name":"admin","image":{"@type":"ImageObject","inLanguage":"en-US","@id":"https:\/\/secure.gravatar.com\/avatar\/b6c14e834ac333d79570a019cabf62da50c52d1473773bc0513edc256790dfe9?s=96&d=mm&r=g","url":"https:\/\/secure.gravatar.com\/avatar\/b6c14e834ac333d79570a019cabf62da50c52d1473773bc0513edc256790dfe9?s=96&d=mm&r=g","contentUrl":"https:\/\/secure.gravatar.com\/avatar\/b6c14e834ac333d79570a019cabf62da50c52d1473773bc0513edc256790dfe9?s=96&d=mm&r=g","caption":"admin"},"url":"https:\/\/gayecho.com\/news\/author\/admin\/"}]}},"_links":{"self":[{"href":"https:\/\/gayecho.com\/news\/wp-json\/wp\/v2\/posts\/17475","targetHints":{"allow":["GET"]}}],"collection":[{"href":"https:\/\/gayecho.com\/news\/wp-json\/wp\/v2\/posts"}],"about":[{"href":"https:\/\/gayecho.com\/news\/wp-json\/wp\/v2\/types\/post"}],"author":[{"embeddable":true,"href":"https:\/\/gayecho.com\/news\/wp-json\/wp\/v2\/users\/1"}],"replies":[{"embeddable":true,"href":"https:\/\/gayecho.com\/news\/wp-json\/wp\/v2\/comments?post=17475"}],"version-history":[{"count":1,"href":"https:\/\/gayecho.com\/news\/wp-json\/wp\/v2\/posts\/17475\/revisions"}],"predecessor-version":[{"id":17477,"href":"https:\/\/gayecho.com\/news\/wp-json\/wp\/v2\/posts\/17475\/revisions\/17477"}],"wp:featuredmedia":[{"embeddable":true,"href":"https:\/\/gayecho.com\/news\/wp-json\/wp\/v2\/media\/17476"}],"wp:attachment":[{"href":"https:\/\/gayecho.com\/news\/wp-json\/wp\/v2\/media?parent=17475"}],"wp:term":[{"taxonomy":"category","embeddable":true,"href":"https:\/\/gayecho.com\/news\/wp-json\/wp\/v2\/categories?post=17475"},{"taxonomy":"post_tag","embeddable":true,"href":"https:\/\/gayecho.com\/news\/wp-json\/wp\/v2\/tags?post=17475"}],"curies":[{"name":"wp","href":"https:\/\/api.w.org\/{rel}","templated":true}]}}