{"id":13810,"date":"2021-07-07T00:32:42","date_gmt":"2021-07-07T08:32:42","guid":{"rendered":"https:\/\/gayecho.com\/news\/?p=13810"},"modified":"2021-07-07T00:58:41","modified_gmt":"2021-07-07T08:58:41","slug":"turizam-i-lgbt-prava-kako-putuju-gej-parovi-iz-srbije","status":"publish","type":"post","link":"https:\/\/gayecho.com\/news\/turizam-i-lgbt-prava-kako-putuju-gej-parovi-iz-srbije\/","title":{"rendered":"Turizam i LGBT prava: Kako putuju gej parovi iz Srbije"},"content":{"rendered":"<p><strong>V. R. i njegov partner rezervisali su sobu sa bra\u010dnim krevetom na jednom od putovanja, a kada su poku\u0161ali da se smeste, na recepciji hotela su ih pitali da li su sigurni da je to pravi izbor.<\/strong><\/p>\n<p>\u201eNatezali smo se tako jedno 15 minuta jer \u010dovek nije mogao da prihvati \u010dinjenicu da dva mu\u0161karca mogu da spavaju u bra\u010dnom krevetu\u201c, prepri\u010dava on.<\/p>\n<p>Objave na dru\u0161tvenim mre\u017eama o tome da pojedini hoteli u Turskoj ne prihvataju rezervacije za sobe u kojima \u0107e boraviti samo mu\u0161karci izazvala je kritike.<\/p>\n<p>Kritikovane su i turisti\u010dke agencije u Srbiji koje nude sme\u0161taj u ovim hotelima.<\/p>\n<p>Jedna od njih, Astra Turs iz Beograda, posle bure na internetu, uklonila je reklamu turskog hotela, u kojoj je pisalo da hotel ne prihvata boravak dve mu\u0161ke osobe u jednoj sobi, potvr\u0111eno je iz agencije za BBC na srpskom.<\/p>\n<p>Razli\u010diti vidovi diskriminacije istopolnim parovima ne samo da mogu pokvariti odmor \u2013 ve\u0107 mogu biti napadnuti verbalno i fizi\u010dki, da se ose\u0107aju nesigurno i bezbedno.<\/p>\n<p><strong>\u201e\u0160ta \u0107e vama dvokrevetna soba?\u201c<\/strong><\/p>\n<p>U konzervativnim zemljama poput Egipta odsedanje u hotelima i odmarali\u0161tima ponekad ne pru\u017ea realnu sliku o stavu ve\u0107ine prema LGBT+ osobama, obja\u0161njava V. R.<\/p>\n<p>On ka\u017ee da su se u hotelu prema njima odnosili vrlo profesionalno, dok su na ulici vodili ra\u010duna da se \u201ene pona\u0161aju previ\u0161e eksplicitno\u201c kako bi izbegli potencijalne neprijatnosti.<\/p>\n<p>\u201eTamo postoji distanca prema svemu \u0161to smatraju neprihvatljivim.<\/p>\n<p>\u201eTo nisu samo gejevi i lezbejke \u2013 na\u0161u strejt drugaricu koja je bila le\u017eerno obu\u010dena posmatrali su vrlo negativno\u201c, dodaje on.<\/p>\n<p>V.R. je diskriminaciju iskusio ne samo u inostranstvu, ve\u0107 i od turisti\u010dkih radnika iz Srbije.<\/p>\n<p>On i njegov partner rezervisali su pre nekoliko godina dvokrevetnu sobu u Milanu, ali je agencija napravila previd i trebalo je neke putnike smestiti u jednokrevetne sobe.<\/p>\n<p>Vodi\u010d je smatrao da je najprakti\u010dnije razdvojiti mu\u0161karce koji su doputovali zajedno, ka\u017ee V.R.<\/p>\n<p>\u201eRekao nam je \u2013 \u0161ta \u0107e vama dvokrevetna soba, vi ste dva mu\u0161karca?<\/p>\n<p>\u201eVama \u0107e biti bolje i komfornije da svako ima svoju sobu, nije u redu da razdvajamo mu\u017ea i \u017eenu\u201c, prepri\u010dava on.<\/p>\n<p>Na kraju su bili primorani da odsednu u razli\u010ditim sobama, a V. R. je razmi\u0161ljao da podnese pritu\u017ebu protiv agencije Povereniku za ravnopravnost.<\/p>\n<p>Me\u0111utim, odustao je od te ideje jer njegov parter nije \u017eeleo da se na taj na\u010din eksponira, ka\u017ee.<\/p>\n<p>Na nekim mestima negativan stav prema pripadnicima LGBT+ populacije ne mora da bude ve\u0107inski, ve\u0107 zavisi na koga nai\u0111ete, smatra V. R.<\/p>\n<p>\u201eU Gr\u010dkoj, kao i kod nas, to ide od pojedinca do pojedinca.<\/p>\n<p>\u201eTamo nismo imali problema, a ne mogu da ka\u017eem da li su nas svi percipirali kao par, iako se to da videti ako nas malo pa\u017eljivije posmatrate\u201c, ka\u017ee on.<\/p>\n<p><strong>Slu\u010daj turskih hotela<\/strong><\/p>\n<p>Mej Garden Klab i Fejm Rezidens Bi\u010d su turski hoteli bili su u ponudi beogradske turisti\u010dke agencije.<\/p>\n<p>Fejm Rezidens Bi\u010d je hotel sa \u010detiri zvezdice i nalazi se u Kemeru, turskom letovali\u0161tu udaljenom \u010detrdesetak kilometara od Antalije u jugoisto\u010dnom delu zemlje.<\/p>\n<p>\u201eHotel ne prihvata rezervacije koje uklju\u010duju boravak samo dve osobe mu\u0161kog pola u sobi\u201c, stajalo je u opisu hotela na sajtu agencije Astra Turs.<\/p>\n<p>BBC novinari su poku\u0161ali da dobiju komentar iz pomenutih hotela, ali do objavljivanja teksta odgovor nije stigao.<\/p>\n<p>Direktorka agencija Astra Turs Milijana Glamo\u010dak ka\u017ee BBC da je ta agencija sa sajta skinula reklamu za ovaj hotel, zbog primedbi ljudi na dru\u0161tvenim mre\u017eama.<\/p>\n<p>Agencije ne mogu previ\u0161e da urade u ovoj situaciji, navode iz Nacionalne asocijacije turisti\u010dkih agencija Srbije (Juta)<\/p>\n<p>\u201eAgencije mogu samo da prihvate ili ne prihvate uslove\u201c, ka\u017ee za BBC na srpskom direktor Jute Aleksandar Seni\u010di\u0107.<\/p>\n<p>Glamo\u010dak, isti\u010de da agencija nije \u201eni propisala, niti izmislila\u201c takva pravila.<\/p>\n<p>Ona dodaje da je agencija dobila takvo obave\u0161tenje od organizatora putovanja i da ne \u017eeli bilo koga da diskrimini\u0161e.<\/p>\n<p>Stefan \u0160paravalo iz organizacije Da Se Zna smatra da su takva pravila \u201ejasno i nedvosmisleno usmerena protiv istopolno orijentisanih osoba\u201c.<\/p>\n<p>\u201eAgencije bi trebalo da tra\u017ee neku vrstu poja\u0161njenja od rukovodstava ovih hotela\u201c, ka\u017ee on.<\/p>\n<p>Da Se Zna pru\u017ea psiholo\u0161ku i pravnu pomo\u0107 i savetovanje i zagovara bolju za\u0161titu LGBT+ ljudi kroz saradnju sa policijom i drugim nadle\u017enim institucijama.<\/p>\n<p>Iz kabineta Poverenice za ravnopravnost Brankice Jankovi\u0107 potvrdili za BBC da su dobili pritu\u017ebu u vezi sa jednim hotelom u Turskoj, ali isti\u010du da \u0107e mi\u0161ljenje o eventualnim povredama Zakona o zabrani diskriminacije mo\u0107i da govore tek nakon analize dostupnih \u010dinjenica.<\/p>\n<p><strong>Iskustva iz Turske<\/strong><\/p>\n<p>D. D. je sa svojim partnerom trenutno na odmoru u Turskoj.<\/p>\n<p>On navodi da nisu do\u017eiveli nikakve neprijatnosti, ni diskriminaciju tokom boravka u ovoj zemlji, kako u hotelu, tako i van njega.<\/p>\n<p>\u201eNe znam kakva je politika hotela, ali nas dvojica smo odseli u dvokrevetnoj sobi i vi\u0111ali smo jo\u0161 momaka u hotelu koji su sme\u0161teni zajedno\u201c, obja\u0161njava on za BBC na srpskom.<\/p>\n<p>On je, ka\u017ee, boravio u Turskoj i pre devet godina i smatra da se situacija popravila kada je re\u010d o statusu pripadnika LGBT+ populacije.<\/p>\n<p>\u201eZaista nismo primetili nikakav oblik diskriminacije prema gej osobama\u201c, isti\u010de on.<\/p>\n<p>Ipak, D. D. nagla\u0161ava da njegov partner i on na javnim mestima u Srbiji i inostranstvu ne istupaju kao par.<\/p>\n<p>\u201eSvestan sam da se nalazim u zemlji u kojoj su ova pitanja i dalje problemati\u010dna i samim tim se pona\u0161am netransparentno\u201c, ka\u017ee on.<\/p>\n<p>Izvor: BBC News<\/p>\n","protected":false},"excerpt":{"rendered":"<p>V. R. i njegov partner rezervisali su sobu sa bra\u010dnim krevetom na jednom od putovanja, a kada su poku\u0161ali da se smeste, na recepciji hotela su ih pitali da li [&hellip;]<\/p>\n","protected":false},"author":1,"featured_media":13811,"comment_status":"open","ping_status":"open","sticky":false,"template":"","format":"standard","meta":{"footnotes":"","_links_to":"","_links_to_target":""},"categories":[10,18],"tags":[426,148,149,78,28,130],"class_list":["post-13810","post","type-post","status-publish","format-standard","has-post-thumbnail","hentry","category-lifestyle","category-putovanja","tag-bbc-news","tag-diskriminacija","tag-egipat","tag-putovanja","tag-srbija","tag-turska"],"yoast_head":"<!-- This site is optimized with the Yoast SEO plugin v27.4 - https:\/\/yoast.com\/product\/yoast-seo-wordpress\/ -->\n<title>Turizam i LGBT prava: Kako putuju gej parovi iz Srbije - GayEcho<\/title>\n<meta name=\"robots\" content=\"index, follow, max-snippet:-1, max-image-preview:large, max-video-preview:-1\" \/>\n<link rel=\"canonical\" href=\"https:\/\/gayecho.com\/news\/turizam-i-lgbt-prava-kako-putuju-gej-parovi-iz-srbije\/\" \/>\n<meta property=\"og:locale\" content=\"en_US\" \/>\n<meta property=\"og:type\" content=\"article\" \/>\n<meta property=\"og:title\" content=\"Turizam i LGBT prava: Kako putuju gej parovi iz Srbije - GayEcho\" \/>\n<meta property=\"og:description\" content=\"V. R. i njegov partner rezervisali su sobu sa bra\u010dnim krevetom na jednom od putovanja, a kada su poku\u0161ali da se smeste, na recepciji hotela su ih pitali da li [&hellip;]\" \/>\n<meta property=\"og:url\" content=\"https:\/\/gayecho.com\/news\/turizam-i-lgbt-prava-kako-putuju-gej-parovi-iz-srbije\/\" \/>\n<meta property=\"og:site_name\" content=\"GayEcho\" \/>\n<meta property=\"article:publisher\" content=\"https:\/\/www.facebook.com\/gayecho\" \/>\n<meta property=\"article:published_time\" content=\"2021-07-07T08:32:42+00:00\" \/>\n<meta property=\"article:modified_time\" content=\"2021-07-07T08:58:41+00:00\" \/>\n<meta property=\"og:image\" content=\"https:\/\/gayecho.com\/news\/wp-content\/uploads\/2021\/07\/lgbt-zastava.jpg\" \/>\n\t<meta property=\"og:image:width\" content=\"800\" \/>\n\t<meta property=\"og:image:height\" content=\"440\" \/>\n\t<meta property=\"og:image:type\" content=\"image\/jpeg\" \/>\n<meta name=\"author\" content=\"admin\" \/>\n<meta name=\"twitter:label1\" content=\"Written by\" \/>\n\t<meta name=\"twitter:data1\" content=\"admin\" \/>\n\t<meta name=\"twitter:label2\" content=\"Est. reading time\" \/>\n\t<meta name=\"twitter:data2\" content=\"5 minutes\" \/>\n<script type=\"application\/ld+json\" class=\"yoast-schema-graph\">{\"@context\":\"https:\\\/\\\/schema.org\",\"@graph\":[{\"@type\":\"Article\",\"@id\":\"https:\\\/\\\/gayecho.com\\\/news\\\/turizam-i-lgbt-prava-kako-putuju-gej-parovi-iz-srbije\\\/#article\",\"isPartOf\":{\"@id\":\"https:\\\/\\\/gayecho.com\\\/news\\\/turizam-i-lgbt-prava-kako-putuju-gej-parovi-iz-srbije\\\/\"},\"author\":{\"name\":\"admin\",\"@id\":\"https:\\\/\\\/gayecho.com\\\/news\\\/#\\\/schema\\\/person\\\/8242572e33fa715d40519064238b57d2\"},\"headline\":\"Turizam i LGBT prava: Kako putuju gej parovi iz Srbije\",\"datePublished\":\"2021-07-07T08:32:42+00:00\",\"dateModified\":\"2021-07-07T08:58:41+00:00\",\"mainEntityOfPage\":{\"@id\":\"https:\\\/\\\/gayecho.com\\\/news\\\/turizam-i-lgbt-prava-kako-putuju-gej-parovi-iz-srbije\\\/\"},\"wordCount\":959,\"commentCount\":0,\"publisher\":{\"@id\":\"https:\\\/\\\/gayecho.com\\\/news\\\/#organization\"},\"image\":{\"@id\":\"https:\\\/\\\/gayecho.com\\\/news\\\/turizam-i-lgbt-prava-kako-putuju-gej-parovi-iz-srbije\\\/#primaryimage\"},\"thumbnailUrl\":\"https:\\\/\\\/gayecho.com\\\/news\\\/wp-content\\\/uploads\\\/2021\\\/07\\\/lgbt-zastava.jpg\",\"keywords\":[\"BBC News\",\"diskriminacija\",\"Egipat\",\"putovanja\",\"Srbija\",\"Turska\"],\"articleSection\":[\"Lifestyle\",\"Putovanja\"],\"inLanguage\":\"en-US\",\"potentialAction\":[{\"@type\":\"CommentAction\",\"name\":\"Comment\",\"target\":[\"https:\\\/\\\/gayecho.com\\\/news\\\/turizam-i-lgbt-prava-kako-putuju-gej-parovi-iz-srbije\\\/#respond\"]}]},{\"@type\":\"WebPage\",\"@id\":\"https:\\\/\\\/gayecho.com\\\/news\\\/turizam-i-lgbt-prava-kako-putuju-gej-parovi-iz-srbije\\\/\",\"url\":\"https:\\\/\\\/gayecho.com\\\/news\\\/turizam-i-lgbt-prava-kako-putuju-gej-parovi-iz-srbije\\\/\",\"name\":\"Turizam i LGBT prava: Kako putuju gej parovi iz Srbije - GayEcho\",\"isPartOf\":{\"@id\":\"https:\\\/\\\/gayecho.com\\\/news\\\/#website\"},\"primaryImageOfPage\":{\"@id\":\"https:\\\/\\\/gayecho.com\\\/news\\\/turizam-i-lgbt-prava-kako-putuju-gej-parovi-iz-srbije\\\/#primaryimage\"},\"image\":{\"@id\":\"https:\\\/\\\/gayecho.com\\\/news\\\/turizam-i-lgbt-prava-kako-putuju-gej-parovi-iz-srbije\\\/#primaryimage\"},\"thumbnailUrl\":\"https:\\\/\\\/gayecho.com\\\/news\\\/wp-content\\\/uploads\\\/2021\\\/07\\\/lgbt-zastava.jpg\",\"datePublished\":\"2021-07-07T08:32:42+00:00\",\"dateModified\":\"2021-07-07T08:58:41+00:00\",\"breadcrumb\":{\"@id\":\"https:\\\/\\\/gayecho.com\\\/news\\\/turizam-i-lgbt-prava-kako-putuju-gej-parovi-iz-srbije\\\/#breadcrumb\"},\"inLanguage\":\"en-US\",\"potentialAction\":[{\"@type\":\"ReadAction\",\"target\":[\"https:\\\/\\\/gayecho.com\\\/news\\\/turizam-i-lgbt-prava-kako-putuju-gej-parovi-iz-srbije\\\/\"]}]},{\"@type\":\"ImageObject\",\"inLanguage\":\"en-US\",\"@id\":\"https:\\\/\\\/gayecho.com\\\/news\\\/turizam-i-lgbt-prava-kako-putuju-gej-parovi-iz-srbije\\\/#primaryimage\",\"url\":\"https:\\\/\\\/gayecho.com\\\/news\\\/wp-content\\\/uploads\\\/2021\\\/07\\\/lgbt-zastava.jpg\",\"contentUrl\":\"https:\\\/\\\/gayecho.com\\\/news\\\/wp-content\\\/uploads\\\/2021\\\/07\\\/lgbt-zastava.jpg\",\"width\":800,\"height\":440},{\"@type\":\"BreadcrumbList\",\"@id\":\"https:\\\/\\\/gayecho.com\\\/news\\\/turizam-i-lgbt-prava-kako-putuju-gej-parovi-iz-srbije\\\/#breadcrumb\",\"itemListElement\":[{\"@type\":\"ListItem\",\"position\":1,\"name\":\"Home\",\"item\":\"https:\\\/\\\/gayecho.com\\\/news\\\/\"},{\"@type\":\"ListItem\",\"position\":2,\"name\":\"Turizam i LGBT prava: Kako putuju gej parovi iz Srbije\"}]},{\"@type\":\"WebSite\",\"@id\":\"https:\\\/\\\/gayecho.com\\\/news\\\/#website\",\"url\":\"https:\\\/\\\/gayecho.com\\\/news\\\/\",\"name\":\"GayEcho\",\"description\":\"Javni servis gej Srbije [LGBT Srbija]\",\"publisher\":{\"@id\":\"https:\\\/\\\/gayecho.com\\\/news\\\/#organization\"},\"potentialAction\":[{\"@type\":\"SearchAction\",\"target\":{\"@type\":\"EntryPoint\",\"urlTemplate\":\"https:\\\/\\\/gayecho.com\\\/news\\\/?s={search_term_string}\"},\"query-input\":{\"@type\":\"PropertyValueSpecification\",\"valueRequired\":true,\"valueName\":\"search_term_string\"}}],\"inLanguage\":\"en-US\"},{\"@type\":\"Organization\",\"@id\":\"https:\\\/\\\/gayecho.com\\\/news\\\/#organization\",\"name\":\"GayEcho\",\"url\":\"https:\\\/\\\/gayecho.com\\\/news\\\/\",\"logo\":{\"@type\":\"ImageObject\",\"inLanguage\":\"en-US\",\"@id\":\"https:\\\/\\\/gayecho.com\\\/news\\\/#\\\/schema\\\/logo\\\/image\\\/\",\"url\":\"https:\\\/\\\/gayecho.com\\\/news\\\/wp-content\\\/uploads\\\/2017\\\/03\\\/gayecho-logo.jpg\",\"contentUrl\":\"https:\\\/\\\/gayecho.com\\\/news\\\/wp-content\\\/uploads\\\/2017\\\/03\\\/gayecho-logo.jpg\",\"width\":225,\"height\":60,\"caption\":\"GayEcho\"},\"image\":{\"@id\":\"https:\\\/\\\/gayecho.com\\\/news\\\/#\\\/schema\\\/logo\\\/image\\\/\"},\"sameAs\":[\"https:\\\/\\\/www.facebook.com\\\/gayecho\",\"https:\\\/\\\/x.com\\\/gayecho\",\"https:\\\/\\\/www.instagram.com\\\/ispustujme\"]},{\"@type\":\"Person\",\"@id\":\"https:\\\/\\\/gayecho.com\\\/news\\\/#\\\/schema\\\/person\\\/8242572e33fa715d40519064238b57d2\",\"name\":\"admin\",\"image\":{\"@type\":\"ImageObject\",\"inLanguage\":\"en-US\",\"@id\":\"https:\\\/\\\/secure.gravatar.com\\\/avatar\\\/b6c14e834ac333d79570a019cabf62da50c52d1473773bc0513edc256790dfe9?s=96&d=mm&r=g\",\"url\":\"https:\\\/\\\/secure.gravatar.com\\\/avatar\\\/b6c14e834ac333d79570a019cabf62da50c52d1473773bc0513edc256790dfe9?s=96&d=mm&r=g\",\"contentUrl\":\"https:\\\/\\\/secure.gravatar.com\\\/avatar\\\/b6c14e834ac333d79570a019cabf62da50c52d1473773bc0513edc256790dfe9?s=96&d=mm&r=g\",\"caption\":\"admin\"},\"url\":\"https:\\\/\\\/gayecho.com\\\/news\\\/author\\\/admin\\\/\"}]}<\/script>\n<!-- \/ Yoast SEO plugin. -->","yoast_head_json":{"title":"Turizam i LGBT prava: Kako putuju gej parovi iz Srbije - GayEcho","robots":{"index":"index","follow":"follow","max-snippet":"max-snippet:-1","max-image-preview":"max-image-preview:large","max-video-preview":"max-video-preview:-1"},"canonical":"https:\/\/gayecho.com\/news\/turizam-i-lgbt-prava-kako-putuju-gej-parovi-iz-srbije\/","og_locale":"en_US","og_type":"article","og_title":"Turizam i LGBT prava: Kako putuju gej parovi iz Srbije - GayEcho","og_description":"V. R. i njegov partner rezervisali su sobu sa bra\u010dnim krevetom na jednom od putovanja, a kada su poku\u0161ali da se smeste, na recepciji hotela su ih pitali da li [&hellip;]","og_url":"https:\/\/gayecho.com\/news\/turizam-i-lgbt-prava-kako-putuju-gej-parovi-iz-srbije\/","og_site_name":"GayEcho","article_publisher":"https:\/\/www.facebook.com\/gayecho","article_published_time":"2021-07-07T08:32:42+00:00","article_modified_time":"2021-07-07T08:58:41+00:00","og_image":[{"width":800,"height":440,"url":"https:\/\/gayecho.com\/news\/wp-content\/uploads\/2021\/07\/lgbt-zastava.jpg","type":"image\/jpeg"}],"author":"admin","twitter_misc":{"Written by":"admin","Est. reading time":"5 minutes"},"schema":{"@context":"https:\/\/schema.org","@graph":[{"@type":"Article","@id":"https:\/\/gayecho.com\/news\/turizam-i-lgbt-prava-kako-putuju-gej-parovi-iz-srbije\/#article","isPartOf":{"@id":"https:\/\/gayecho.com\/news\/turizam-i-lgbt-prava-kako-putuju-gej-parovi-iz-srbije\/"},"author":{"name":"admin","@id":"https:\/\/gayecho.com\/news\/#\/schema\/person\/8242572e33fa715d40519064238b57d2"},"headline":"Turizam i LGBT prava: Kako putuju gej parovi iz Srbije","datePublished":"2021-07-07T08:32:42+00:00","dateModified":"2021-07-07T08:58:41+00:00","mainEntityOfPage":{"@id":"https:\/\/gayecho.com\/news\/turizam-i-lgbt-prava-kako-putuju-gej-parovi-iz-srbije\/"},"wordCount":959,"commentCount":0,"publisher":{"@id":"https:\/\/gayecho.com\/news\/#organization"},"image":{"@id":"https:\/\/gayecho.com\/news\/turizam-i-lgbt-prava-kako-putuju-gej-parovi-iz-srbije\/#primaryimage"},"thumbnailUrl":"https:\/\/gayecho.com\/news\/wp-content\/uploads\/2021\/07\/lgbt-zastava.jpg","keywords":["BBC News","diskriminacija","Egipat","putovanja","Srbija","Turska"],"articleSection":["Lifestyle","Putovanja"],"inLanguage":"en-US","potentialAction":[{"@type":"CommentAction","name":"Comment","target":["https:\/\/gayecho.com\/news\/turizam-i-lgbt-prava-kako-putuju-gej-parovi-iz-srbije\/#respond"]}]},{"@type":"WebPage","@id":"https:\/\/gayecho.com\/news\/turizam-i-lgbt-prava-kako-putuju-gej-parovi-iz-srbije\/","url":"https:\/\/gayecho.com\/news\/turizam-i-lgbt-prava-kako-putuju-gej-parovi-iz-srbije\/","name":"Turizam i LGBT prava: Kako putuju gej parovi iz Srbije - GayEcho","isPartOf":{"@id":"https:\/\/gayecho.com\/news\/#website"},"primaryImageOfPage":{"@id":"https:\/\/gayecho.com\/news\/turizam-i-lgbt-prava-kako-putuju-gej-parovi-iz-srbije\/#primaryimage"},"image":{"@id":"https:\/\/gayecho.com\/news\/turizam-i-lgbt-prava-kako-putuju-gej-parovi-iz-srbije\/#primaryimage"},"thumbnailUrl":"https:\/\/gayecho.com\/news\/wp-content\/uploads\/2021\/07\/lgbt-zastava.jpg","datePublished":"2021-07-07T08:32:42+00:00","dateModified":"2021-07-07T08:58:41+00:00","breadcrumb":{"@id":"https:\/\/gayecho.com\/news\/turizam-i-lgbt-prava-kako-putuju-gej-parovi-iz-srbije\/#breadcrumb"},"inLanguage":"en-US","potentialAction":[{"@type":"ReadAction","target":["https:\/\/gayecho.com\/news\/turizam-i-lgbt-prava-kako-putuju-gej-parovi-iz-srbije\/"]}]},{"@type":"ImageObject","inLanguage":"en-US","@id":"https:\/\/gayecho.com\/news\/turizam-i-lgbt-prava-kako-putuju-gej-parovi-iz-srbije\/#primaryimage","url":"https:\/\/gayecho.com\/news\/wp-content\/uploads\/2021\/07\/lgbt-zastava.jpg","contentUrl":"https:\/\/gayecho.com\/news\/wp-content\/uploads\/2021\/07\/lgbt-zastava.jpg","width":800,"height":440},{"@type":"BreadcrumbList","@id":"https:\/\/gayecho.com\/news\/turizam-i-lgbt-prava-kako-putuju-gej-parovi-iz-srbije\/#breadcrumb","itemListElement":[{"@type":"ListItem","position":1,"name":"Home","item":"https:\/\/gayecho.com\/news\/"},{"@type":"ListItem","position":2,"name":"Turizam i LGBT prava: Kako putuju gej parovi iz Srbije"}]},{"@type":"WebSite","@id":"https:\/\/gayecho.com\/news\/#website","url":"https:\/\/gayecho.com\/news\/","name":"GayEcho","description":"Javni servis gej Srbije [LGBT Srbija]","publisher":{"@id":"https:\/\/gayecho.com\/news\/#organization"},"potentialAction":[{"@type":"SearchAction","target":{"@type":"EntryPoint","urlTemplate":"https:\/\/gayecho.com\/news\/?s={search_term_string}"},"query-input":{"@type":"PropertyValueSpecification","valueRequired":true,"valueName":"search_term_string"}}],"inLanguage":"en-US"},{"@type":"Organization","@id":"https:\/\/gayecho.com\/news\/#organization","name":"GayEcho","url":"https:\/\/gayecho.com\/news\/","logo":{"@type":"ImageObject","inLanguage":"en-US","@id":"https:\/\/gayecho.com\/news\/#\/schema\/logo\/image\/","url":"https:\/\/gayecho.com\/news\/wp-content\/uploads\/2017\/03\/gayecho-logo.jpg","contentUrl":"https:\/\/gayecho.com\/news\/wp-content\/uploads\/2017\/03\/gayecho-logo.jpg","width":225,"height":60,"caption":"GayEcho"},"image":{"@id":"https:\/\/gayecho.com\/news\/#\/schema\/logo\/image\/"},"sameAs":["https:\/\/www.facebook.com\/gayecho","https:\/\/x.com\/gayecho","https:\/\/www.instagram.com\/ispustujme"]},{"@type":"Person","@id":"https:\/\/gayecho.com\/news\/#\/schema\/person\/8242572e33fa715d40519064238b57d2","name":"admin","image":{"@type":"ImageObject","inLanguage":"en-US","@id":"https:\/\/secure.gravatar.com\/avatar\/b6c14e834ac333d79570a019cabf62da50c52d1473773bc0513edc256790dfe9?s=96&d=mm&r=g","url":"https:\/\/secure.gravatar.com\/avatar\/b6c14e834ac333d79570a019cabf62da50c52d1473773bc0513edc256790dfe9?s=96&d=mm&r=g","contentUrl":"https:\/\/secure.gravatar.com\/avatar\/b6c14e834ac333d79570a019cabf62da50c52d1473773bc0513edc256790dfe9?s=96&d=mm&r=g","caption":"admin"},"url":"https:\/\/gayecho.com\/news\/author\/admin\/"}]}},"_links":{"self":[{"href":"https:\/\/gayecho.com\/news\/wp-json\/wp\/v2\/posts\/13810","targetHints":{"allow":["GET"]}}],"collection":[{"href":"https:\/\/gayecho.com\/news\/wp-json\/wp\/v2\/posts"}],"about":[{"href":"https:\/\/gayecho.com\/news\/wp-json\/wp\/v2\/types\/post"}],"author":[{"embeddable":true,"href":"https:\/\/gayecho.com\/news\/wp-json\/wp\/v2\/users\/1"}],"replies":[{"embeddable":true,"href":"https:\/\/gayecho.com\/news\/wp-json\/wp\/v2\/comments?post=13810"}],"version-history":[{"count":2,"href":"https:\/\/gayecho.com\/news\/wp-json\/wp\/v2\/posts\/13810\/revisions"}],"predecessor-version":[{"id":13814,"href":"https:\/\/gayecho.com\/news\/wp-json\/wp\/v2\/posts\/13810\/revisions\/13814"}],"wp:featuredmedia":[{"embeddable":true,"href":"https:\/\/gayecho.com\/news\/wp-json\/wp\/v2\/media\/13811"}],"wp:attachment":[{"href":"https:\/\/gayecho.com\/news\/wp-json\/wp\/v2\/media?parent=13810"}],"wp:term":[{"taxonomy":"category","embeddable":true,"href":"https:\/\/gayecho.com\/news\/wp-json\/wp\/v2\/categories?post=13810"},{"taxonomy":"post_tag","embeddable":true,"href":"https:\/\/gayecho.com\/news\/wp-json\/wp\/v2\/tags?post=13810"}],"curies":[{"name":"wp","href":"https:\/\/api.w.org\/{rel}","templated":true}]}}