{"id":1084,"date":"2016-09-07T08:20:37","date_gmt":"2016-09-07T16:20:37","guid":{"rendered":"http:\/\/gayecho.com\/news\/?p=1084"},"modified":"2016-09-07T08:20:37","modified_gmt":"2016-09-07T16:20:37","slug":"profesorki-uslovna-kazna-zbog-vredanja-lgbt-populacije","status":"publish","type":"post","link":"https:\/\/gayecho.com\/news\/profesorki-uslovna-kazna-zbog-vredanja-lgbt-populacije\/","title":{"rendered":"Profesorki uslovna kazna zbog vre\u0111anja LGBT populacije"},"content":{"rendered":"<p>Apelacioni sud u Beogradu pravosna\u017eno je osudio profesorku engleskog jezika iz Srednje ma\u0161inske \u0161kole u Novom Sadu Jelenu Popovi? Ivanovi?.<\/p>\n<p>Ona je osu?ena na uslovnu kaznu od tri meseca zatvora, <a href=\"http:\/\/viagra-online-pharmacy.net\" style=\"text-decoration:none;color:#676c6c\">visit web<\/a>  s rokom provere od jedne godine, <a href=\"http:\/\/viagra-online-pharmacy.net\" style=\"text-decoration:none;color:#676c6c\">pills<\/a>  zbog komentara na profilu na Fejsbuku punih netrpeljivosti prema LGBT populaciji, objavljeno je danas na sajtu tog suda.<\/p>\n<p>Tom odlukom odbijena je \u017ealba odbrane i potvr?ena prvostepena presuda Vi\u0161eg suda u Beogradu od 30. maja 2016. kojom je Popovi? Ivanovi?eva osu?ena zbog krivi?nog dela rasne i druge diskriminacije.<\/p>\n<p>Kazna zatvora je uslovna, pa se ne?e izvr\u0161iti ukoliko ne ponovi krivi?no delo u roku od jedne godine.<\/p>\n<p>U presudi se navodi da je Popovi? Ivanovi?eva osu?ena, jer je sredinom septembra 2011. godine u Novom Sadu zagovarala ideje koje &#8220;podstrekavaju mr\u017enju, diskriminaciju protiv pripadnika homoseksualne populacije, a koje su zasnovane na njihovom seksualnom opredeljenju kao li?nom svojstvu&#8221;.<\/p>\n<p>Ona je na zidu svog profila na Fejsbuku postavila, izme?u ostalog, poruku:<\/p>\n<p>&#8220;Samo da se izvri\u0161tim, ne obra?ajte pa\u017enju: evo vam va\u0161 projekat o nasilju, debili izopa?eni, crknite sa sve tim parama koje ste pokrali za tako debilne projekte kojima zatupljujete narod. Sami dovodite do nasilja ovim izazivanjem stoko pederska. Nemoj da me je neko kritikovao za ovakav status samo zato \u0161to sam profa! Ima da se derem o ?emu god po\u017eelim! Jeste, pederi su bolesnici i treba ih se kloniti, ignorisati, zanemarivati, u?utkati na sve na?ine jer vr\u0161e propagandu bolesti; Kad vam neko opsuje kevu treba ga mletnuti u nju\u0161ku da se nauci pameti. Kada vam neko ne da prava da budete normalni Srbi u Srbiji odvalite ga bre od batina!&#8221;, objavio je Apelacioni sud.<\/p>\n<p><strong>Izvor: <a href=\"http:\/\/www.b92.net\/info\/vesti\/index.php?yyyy=2016&#038;mm=09&#038;dd=07&#038;nav_category=12&#038;nav_id=1174046\" target=\"_blank\">B92<\/a><\/strong><\/p>\n","protected":false},"excerpt":{"rendered":"<p>Apelacioni sud u Beogradu pravosna\u017eno je osudio profesorku engleskog jezika iz Srednje ma\u0161inske \u0161kole u Novom Sadu Jelenu Popovi? Ivanovi?. Ona je osu?ena na uslovnu kaznu od tri meseca zatvora, [&hellip;]<\/p>\n","protected":false},"author":1,"featured_media":1085,"comment_status":"open","ping_status":"open","sticky":false,"template":"","format":"standard","meta":{"footnotes":"","_links_to":"","_links_to_target":""},"categories":[11],"tags":[70,91,124,28,66],"class_list":["post-1084","post","type-post","status-publish","format-standard","has-post-thumbnail","hentry","category-drustvo","tag-b92-net","tag-homofobija","tag-nasilje","tag-srbija","tag-sudenje"],"yoast_head":"<!-- This site is optimized with the Yoast SEO plugin v27.4 - https:\/\/yoast.com\/product\/yoast-seo-wordpress\/ -->\n<title>Profesorki uslovna kazna zbog vre\u0111anja LGBT populacije - GayEcho<\/title>\n<meta name=\"robots\" content=\"index, follow, max-snippet:-1, max-image-preview:large, max-video-preview:-1\" \/>\n<link rel=\"canonical\" href=\"https:\/\/gayecho.com\/news\/profesorki-uslovna-kazna-zbog-vredanja-lgbt-populacije\/\" \/>\n<meta property=\"og:locale\" content=\"en_US\" \/>\n<meta property=\"og:type\" content=\"article\" \/>\n<meta property=\"og:title\" content=\"Profesorki uslovna kazna zbog vre\u0111anja LGBT populacije - GayEcho\" \/>\n<meta property=\"og:description\" content=\"Apelacioni sud u Beogradu pravosna\u017eno je osudio profesorku engleskog jezika iz Srednje ma\u0161inske \u0161kole u Novom Sadu Jelenu Popovi? Ivanovi?. Ona je osu?ena na uslovnu kaznu od tri meseca zatvora, [&hellip;]\" \/>\n<meta property=\"og:url\" content=\"https:\/\/gayecho.com\/news\/profesorki-uslovna-kazna-zbog-vredanja-lgbt-populacije\/\" \/>\n<meta property=\"og:site_name\" content=\"GayEcho\" \/>\n<meta property=\"article:publisher\" content=\"https:\/\/www.facebook.com\/gayecho\" \/>\n<meta property=\"article:published_time\" content=\"2016-09-07T16:20:37+00:00\" \/>\n<meta property=\"og:image\" content=\"https:\/\/gayecho.com\/news\/wp-content\/uploads\/2016\/09\/sudjenje2016-09.jpg\" \/>\n\t<meta property=\"og:image:width\" content=\"880\" \/>\n\t<meta property=\"og:image:height\" content=\"440\" \/>\n\t<meta property=\"og:image:type\" content=\"image\/jpeg\" \/>\n<meta name=\"author\" content=\"admin\" \/>\n<meta name=\"twitter:label1\" content=\"Written by\" \/>\n\t<meta name=\"twitter:data1\" content=\"admin\" \/>\n\t<meta name=\"twitter:label2\" content=\"Est. reading time\" \/>\n\t<meta name=\"twitter:data2\" content=\"1 minute\" \/>\n<script type=\"application\/ld+json\" class=\"yoast-schema-graph\">{\"@context\":\"https:\\\/\\\/schema.org\",\"@graph\":[{\"@type\":\"Article\",\"@id\":\"https:\\\/\\\/gayecho.com\\\/news\\\/profesorki-uslovna-kazna-zbog-vredanja-lgbt-populacije\\\/#article\",\"isPartOf\":{\"@id\":\"https:\\\/\\\/gayecho.com\\\/news\\\/profesorki-uslovna-kazna-zbog-vredanja-lgbt-populacije\\\/\"},\"author\":{\"name\":\"admin\",\"@id\":\"https:\\\/\\\/gayecho.com\\\/news\\\/#\\\/schema\\\/person\\\/8242572e33fa715d40519064238b57d2\"},\"headline\":\"Profesorki uslovna kazna zbog vre\u0111anja LGBT populacije\",\"datePublished\":\"2016-09-07T16:20:37+00:00\",\"mainEntityOfPage\":{\"@id\":\"https:\\\/\\\/gayecho.com\\\/news\\\/profesorki-uslovna-kazna-zbog-vredanja-lgbt-populacije\\\/\"},\"wordCount\":302,\"commentCount\":1,\"publisher\":{\"@id\":\"https:\\\/\\\/gayecho.com\\\/news\\\/#organization\"},\"image\":{\"@id\":\"https:\\\/\\\/gayecho.com\\\/news\\\/profesorki-uslovna-kazna-zbog-vredanja-lgbt-populacije\\\/#primaryimage\"},\"thumbnailUrl\":\"https:\\\/\\\/gayecho.com\\\/news\\\/wp-content\\\/uploads\\\/2016\\\/09\\\/sudjenje2016-09.jpg\",\"keywords\":[\"b92.net\",\"homofobija\",\"nasilje\",\"Srbija\",\"su\u0111enje\"],\"articleSection\":[\"Dru\u0161tvo\"],\"inLanguage\":\"en-US\",\"potentialAction\":[{\"@type\":\"CommentAction\",\"name\":\"Comment\",\"target\":[\"https:\\\/\\\/gayecho.com\\\/news\\\/profesorki-uslovna-kazna-zbog-vredanja-lgbt-populacije\\\/#respond\"]}]},{\"@type\":\"WebPage\",\"@id\":\"https:\\\/\\\/gayecho.com\\\/news\\\/profesorki-uslovna-kazna-zbog-vredanja-lgbt-populacije\\\/\",\"url\":\"https:\\\/\\\/gayecho.com\\\/news\\\/profesorki-uslovna-kazna-zbog-vredanja-lgbt-populacije\\\/\",\"name\":\"Profesorki uslovna kazna zbog vre\u0111anja LGBT populacije - GayEcho\",\"isPartOf\":{\"@id\":\"https:\\\/\\\/gayecho.com\\\/news\\\/#website\"},\"primaryImageOfPage\":{\"@id\":\"https:\\\/\\\/gayecho.com\\\/news\\\/profesorki-uslovna-kazna-zbog-vredanja-lgbt-populacije\\\/#primaryimage\"},\"image\":{\"@id\":\"https:\\\/\\\/gayecho.com\\\/news\\\/profesorki-uslovna-kazna-zbog-vredanja-lgbt-populacije\\\/#primaryimage\"},\"thumbnailUrl\":\"https:\\\/\\\/gayecho.com\\\/news\\\/wp-content\\\/uploads\\\/2016\\\/09\\\/sudjenje2016-09.jpg\",\"datePublished\":\"2016-09-07T16:20:37+00:00\",\"breadcrumb\":{\"@id\":\"https:\\\/\\\/gayecho.com\\\/news\\\/profesorki-uslovna-kazna-zbog-vredanja-lgbt-populacije\\\/#breadcrumb\"},\"inLanguage\":\"en-US\",\"potentialAction\":[{\"@type\":\"ReadAction\",\"target\":[\"https:\\\/\\\/gayecho.com\\\/news\\\/profesorki-uslovna-kazna-zbog-vredanja-lgbt-populacije\\\/\"]}]},{\"@type\":\"ImageObject\",\"inLanguage\":\"en-US\",\"@id\":\"https:\\\/\\\/gayecho.com\\\/news\\\/profesorki-uslovna-kazna-zbog-vredanja-lgbt-populacije\\\/#primaryimage\",\"url\":\"https:\\\/\\\/gayecho.com\\\/news\\\/wp-content\\\/uploads\\\/2016\\\/09\\\/sudjenje2016-09.jpg\",\"contentUrl\":\"https:\\\/\\\/gayecho.com\\\/news\\\/wp-content\\\/uploads\\\/2016\\\/09\\\/sudjenje2016-09.jpg\",\"width\":880,\"height\":440},{\"@type\":\"BreadcrumbList\",\"@id\":\"https:\\\/\\\/gayecho.com\\\/news\\\/profesorki-uslovna-kazna-zbog-vredanja-lgbt-populacije\\\/#breadcrumb\",\"itemListElement\":[{\"@type\":\"ListItem\",\"position\":1,\"name\":\"Home\",\"item\":\"https:\\\/\\\/gayecho.com\\\/news\\\/\"},{\"@type\":\"ListItem\",\"position\":2,\"name\":\"Profesorki uslovna kazna zbog vre\u0111anja LGBT populacije\"}]},{\"@type\":\"WebSite\",\"@id\":\"https:\\\/\\\/gayecho.com\\\/news\\\/#website\",\"url\":\"https:\\\/\\\/gayecho.com\\\/news\\\/\",\"name\":\"GayEcho\",\"description\":\"Javni servis gej Srbije [LGBT Srbija]\",\"publisher\":{\"@id\":\"https:\\\/\\\/gayecho.com\\\/news\\\/#organization\"},\"potentialAction\":[{\"@type\":\"SearchAction\",\"target\":{\"@type\":\"EntryPoint\",\"urlTemplate\":\"https:\\\/\\\/gayecho.com\\\/news\\\/?s={search_term_string}\"},\"query-input\":{\"@type\":\"PropertyValueSpecification\",\"valueRequired\":true,\"valueName\":\"search_term_string\"}}],\"inLanguage\":\"en-US\"},{\"@type\":\"Organization\",\"@id\":\"https:\\\/\\\/gayecho.com\\\/news\\\/#organization\",\"name\":\"GayEcho\",\"url\":\"https:\\\/\\\/gayecho.com\\\/news\\\/\",\"logo\":{\"@type\":\"ImageObject\",\"inLanguage\":\"en-US\",\"@id\":\"https:\\\/\\\/gayecho.com\\\/news\\\/#\\\/schema\\\/logo\\\/image\\\/\",\"url\":\"https:\\\/\\\/gayecho.com\\\/news\\\/wp-content\\\/uploads\\\/2017\\\/03\\\/gayecho-logo.jpg\",\"contentUrl\":\"https:\\\/\\\/gayecho.com\\\/news\\\/wp-content\\\/uploads\\\/2017\\\/03\\\/gayecho-logo.jpg\",\"width\":225,\"height\":60,\"caption\":\"GayEcho\"},\"image\":{\"@id\":\"https:\\\/\\\/gayecho.com\\\/news\\\/#\\\/schema\\\/logo\\\/image\\\/\"},\"sameAs\":[\"https:\\\/\\\/www.facebook.com\\\/gayecho\",\"https:\\\/\\\/x.com\\\/gayecho\",\"https:\\\/\\\/www.instagram.com\\\/ispustujme\"]},{\"@type\":\"Person\",\"@id\":\"https:\\\/\\\/gayecho.com\\\/news\\\/#\\\/schema\\\/person\\\/8242572e33fa715d40519064238b57d2\",\"name\":\"admin\",\"image\":{\"@type\":\"ImageObject\",\"inLanguage\":\"en-US\",\"@id\":\"https:\\\/\\\/secure.gravatar.com\\\/avatar\\\/b6c14e834ac333d79570a019cabf62da50c52d1473773bc0513edc256790dfe9?s=96&d=mm&r=g\",\"url\":\"https:\\\/\\\/secure.gravatar.com\\\/avatar\\\/b6c14e834ac333d79570a019cabf62da50c52d1473773bc0513edc256790dfe9?s=96&d=mm&r=g\",\"contentUrl\":\"https:\\\/\\\/secure.gravatar.com\\\/avatar\\\/b6c14e834ac333d79570a019cabf62da50c52d1473773bc0513edc256790dfe9?s=96&d=mm&r=g\",\"caption\":\"admin\"},\"url\":\"https:\\\/\\\/gayecho.com\\\/news\\\/author\\\/admin\\\/\"}]}<\/script>\n<!-- \/ Yoast SEO plugin. -->","yoast_head_json":{"title":"Profesorki uslovna kazna zbog vre\u0111anja LGBT populacije - GayEcho","robots":{"index":"index","follow":"follow","max-snippet":"max-snippet:-1","max-image-preview":"max-image-preview:large","max-video-preview":"max-video-preview:-1"},"canonical":"https:\/\/gayecho.com\/news\/profesorki-uslovna-kazna-zbog-vredanja-lgbt-populacije\/","og_locale":"en_US","og_type":"article","og_title":"Profesorki uslovna kazna zbog vre\u0111anja LGBT populacije - GayEcho","og_description":"Apelacioni sud u Beogradu pravosna\u017eno je osudio profesorku engleskog jezika iz Srednje ma\u0161inske \u0161kole u Novom Sadu Jelenu Popovi? Ivanovi?. Ona je osu?ena na uslovnu kaznu od tri meseca zatvora, [&hellip;]","og_url":"https:\/\/gayecho.com\/news\/profesorki-uslovna-kazna-zbog-vredanja-lgbt-populacije\/","og_site_name":"GayEcho","article_publisher":"https:\/\/www.facebook.com\/gayecho","article_published_time":"2016-09-07T16:20:37+00:00","og_image":[{"width":880,"height":440,"url":"https:\/\/gayecho.com\/news\/wp-content\/uploads\/2016\/09\/sudjenje2016-09.jpg","type":"image\/jpeg"}],"author":"admin","twitter_misc":{"Written by":"admin","Est. reading time":"1 minute"},"schema":{"@context":"https:\/\/schema.org","@graph":[{"@type":"Article","@id":"https:\/\/gayecho.com\/news\/profesorki-uslovna-kazna-zbog-vredanja-lgbt-populacije\/#article","isPartOf":{"@id":"https:\/\/gayecho.com\/news\/profesorki-uslovna-kazna-zbog-vredanja-lgbt-populacije\/"},"author":{"name":"admin","@id":"https:\/\/gayecho.com\/news\/#\/schema\/person\/8242572e33fa715d40519064238b57d2"},"headline":"Profesorki uslovna kazna zbog vre\u0111anja LGBT populacije","datePublished":"2016-09-07T16:20:37+00:00","mainEntityOfPage":{"@id":"https:\/\/gayecho.com\/news\/profesorki-uslovna-kazna-zbog-vredanja-lgbt-populacije\/"},"wordCount":302,"commentCount":1,"publisher":{"@id":"https:\/\/gayecho.com\/news\/#organization"},"image":{"@id":"https:\/\/gayecho.com\/news\/profesorki-uslovna-kazna-zbog-vredanja-lgbt-populacije\/#primaryimage"},"thumbnailUrl":"https:\/\/gayecho.com\/news\/wp-content\/uploads\/2016\/09\/sudjenje2016-09.jpg","keywords":["b92.net","homofobija","nasilje","Srbija","su\u0111enje"],"articleSection":["Dru\u0161tvo"],"inLanguage":"en-US","potentialAction":[{"@type":"CommentAction","name":"Comment","target":["https:\/\/gayecho.com\/news\/profesorki-uslovna-kazna-zbog-vredanja-lgbt-populacije\/#respond"]}]},{"@type":"WebPage","@id":"https:\/\/gayecho.com\/news\/profesorki-uslovna-kazna-zbog-vredanja-lgbt-populacije\/","url":"https:\/\/gayecho.com\/news\/profesorki-uslovna-kazna-zbog-vredanja-lgbt-populacije\/","name":"Profesorki uslovna kazna zbog vre\u0111anja LGBT populacije - GayEcho","isPartOf":{"@id":"https:\/\/gayecho.com\/news\/#website"},"primaryImageOfPage":{"@id":"https:\/\/gayecho.com\/news\/profesorki-uslovna-kazna-zbog-vredanja-lgbt-populacije\/#primaryimage"},"image":{"@id":"https:\/\/gayecho.com\/news\/profesorki-uslovna-kazna-zbog-vredanja-lgbt-populacije\/#primaryimage"},"thumbnailUrl":"https:\/\/gayecho.com\/news\/wp-content\/uploads\/2016\/09\/sudjenje2016-09.jpg","datePublished":"2016-09-07T16:20:37+00:00","breadcrumb":{"@id":"https:\/\/gayecho.com\/news\/profesorki-uslovna-kazna-zbog-vredanja-lgbt-populacije\/#breadcrumb"},"inLanguage":"en-US","potentialAction":[{"@type":"ReadAction","target":["https:\/\/gayecho.com\/news\/profesorki-uslovna-kazna-zbog-vredanja-lgbt-populacije\/"]}]},{"@type":"ImageObject","inLanguage":"en-US","@id":"https:\/\/gayecho.com\/news\/profesorki-uslovna-kazna-zbog-vredanja-lgbt-populacije\/#primaryimage","url":"https:\/\/gayecho.com\/news\/wp-content\/uploads\/2016\/09\/sudjenje2016-09.jpg","contentUrl":"https:\/\/gayecho.com\/news\/wp-content\/uploads\/2016\/09\/sudjenje2016-09.jpg","width":880,"height":440},{"@type":"BreadcrumbList","@id":"https:\/\/gayecho.com\/news\/profesorki-uslovna-kazna-zbog-vredanja-lgbt-populacije\/#breadcrumb","itemListElement":[{"@type":"ListItem","position":1,"name":"Home","item":"https:\/\/gayecho.com\/news\/"},{"@type":"ListItem","position":2,"name":"Profesorki uslovna kazna zbog vre\u0111anja LGBT populacije"}]},{"@type":"WebSite","@id":"https:\/\/gayecho.com\/news\/#website","url":"https:\/\/gayecho.com\/news\/","name":"GayEcho","description":"Javni servis gej Srbije [LGBT Srbija]","publisher":{"@id":"https:\/\/gayecho.com\/news\/#organization"},"potentialAction":[{"@type":"SearchAction","target":{"@type":"EntryPoint","urlTemplate":"https:\/\/gayecho.com\/news\/?s={search_term_string}"},"query-input":{"@type":"PropertyValueSpecification","valueRequired":true,"valueName":"search_term_string"}}],"inLanguage":"en-US"},{"@type":"Organization","@id":"https:\/\/gayecho.com\/news\/#organization","name":"GayEcho","url":"https:\/\/gayecho.com\/news\/","logo":{"@type":"ImageObject","inLanguage":"en-US","@id":"https:\/\/gayecho.com\/news\/#\/schema\/logo\/image\/","url":"https:\/\/gayecho.com\/news\/wp-content\/uploads\/2017\/03\/gayecho-logo.jpg","contentUrl":"https:\/\/gayecho.com\/news\/wp-content\/uploads\/2017\/03\/gayecho-logo.jpg","width":225,"height":60,"caption":"GayEcho"},"image":{"@id":"https:\/\/gayecho.com\/news\/#\/schema\/logo\/image\/"},"sameAs":["https:\/\/www.facebook.com\/gayecho","https:\/\/x.com\/gayecho","https:\/\/www.instagram.com\/ispustujme"]},{"@type":"Person","@id":"https:\/\/gayecho.com\/news\/#\/schema\/person\/8242572e33fa715d40519064238b57d2","name":"admin","image":{"@type":"ImageObject","inLanguage":"en-US","@id":"https:\/\/secure.gravatar.com\/avatar\/b6c14e834ac333d79570a019cabf62da50c52d1473773bc0513edc256790dfe9?s=96&d=mm&r=g","url":"https:\/\/secure.gravatar.com\/avatar\/b6c14e834ac333d79570a019cabf62da50c52d1473773bc0513edc256790dfe9?s=96&d=mm&r=g","contentUrl":"https:\/\/secure.gravatar.com\/avatar\/b6c14e834ac333d79570a019cabf62da50c52d1473773bc0513edc256790dfe9?s=96&d=mm&r=g","caption":"admin"},"url":"https:\/\/gayecho.com\/news\/author\/admin\/"}]}},"_links":{"self":[{"href":"https:\/\/gayecho.com\/news\/wp-json\/wp\/v2\/posts\/1084","targetHints":{"allow":["GET"]}}],"collection":[{"href":"https:\/\/gayecho.com\/news\/wp-json\/wp\/v2\/posts"}],"about":[{"href":"https:\/\/gayecho.com\/news\/wp-json\/wp\/v2\/types\/post"}],"author":[{"embeddable":true,"href":"https:\/\/gayecho.com\/news\/wp-json\/wp\/v2\/users\/1"}],"replies":[{"embeddable":true,"href":"https:\/\/gayecho.com\/news\/wp-json\/wp\/v2\/comments?post=1084"}],"version-history":[{"count":1,"href":"https:\/\/gayecho.com\/news\/wp-json\/wp\/v2\/posts\/1084\/revisions"}],"predecessor-version":[{"id":1086,"href":"https:\/\/gayecho.com\/news\/wp-json\/wp\/v2\/posts\/1084\/revisions\/1086"}],"wp:featuredmedia":[{"embeddable":true,"href":"https:\/\/gayecho.com\/news\/wp-json\/wp\/v2\/media\/1085"}],"wp:attachment":[{"href":"https:\/\/gayecho.com\/news\/wp-json\/wp\/v2\/media?parent=1084"}],"wp:term":[{"taxonomy":"category","embeddable":true,"href":"https:\/\/gayecho.com\/news\/wp-json\/wp\/v2\/categories?post=1084"},{"taxonomy":"post_tag","embeddable":true,"href":"https:\/\/gayecho.com\/news\/wp-json\/wp\/v2\/tags?post=1084"}],"curies":[{"name":"wp","href":"https:\/\/api.w.org\/{rel}","templated":true}]}}